{"id":1031,"date":"2007-01-10T12:17:28","date_gmt":"2007-01-10T12:17:28","guid":{"rendered":"http:\/\/www.comevedonoidaltonici.com\/wordpress\/?p=1031"},"modified":"2007-01-10T12:17:28","modified_gmt":"2007-01-10T12:17:28","slug":"nuove-tecnologie-ne-cultura-ne-memoria-senza-una-politica","status":"publish","type":"post","link":"https:\/\/www.olinews.it\/mt\/?p=1031","title":{"rendered":"<em>Nuove tecnologie<\/em> &#8211; N\u00e9 cultura n\u00e9 memoria senza una politica"},"content":{"rendered":"<p>Due occasioni diverse. Una \u00e8 il &#8220;XII colloquio dell&#8217;Istituto Europeo del lessico intellettuale&#8221;, che discute in questi giorni a Roma il significato del termine &#8220;natura&#8221;. L&#8217;altra \u00e8 la conferenza tenutasi a Firenze tra il 14 ed il 15 dicembre, sul tema &#8220;Cultural heritage on line&#8221;, volta ad studiare il legame tra cultura, memoria e &#8220;nuove tecnologie&#8221;, nei suoi aspetti tecnici, legali ma prima di tutto sostanziali.<\/p>\n<p><!--more--><br \/>\nNell&#8217;elzeviro pubblicato sul Corriere della Sera il 5 gennaio scorso, viene affrontato, in un estratto dall&#8217;intervento di Natalino Irti all&#8217;incontro di Roma, il tema del rapporto tra la natura e la tecnica. La nascita e la morte, sottratte dal dominio concettuale della natura, finiscono, nelle parole di Irti per divenire un prodotto. E a fronteggiarsi non sono (non sono pi\u00f9) il diritto e la natura, ma il diritto e la tecnica, su una linea incerta, in cui le norme non statuiscono ma sono soggette a tempeste ideologiche, politiche e religiose. Di fronte alla molteplicit\u00e0 delle tecniche, continua Irti, esiste per\u00f2 un&#8217;altra tecnica, che \u00e8 &#8220;la volont\u00e0 del potere giuridico, capace di vincolare l&#8217;azione dell&#8217;uomo e di dirigerla verso uno o altro scopo. La scelta degli scopi appartiene alla decisione politica.&#8221;<br \/>\nAltro contesto: alla conferenza sul &#8220;Cultural heritage on line&#8221;. Paolo Buonora (Centro di fotoriproduzione, legatoria e restauro, MiBAC) interviene per illustrare gli elementi che rendono appetibile l&#8217;applicazione delle tecniche di digitalizzazione al patrimonio culturale: la possibilit\u00e0 di effettuare ricerca, di georeferenziare, di digitalizzare il contesto, ma anche e soprattutto di rendere accessibile quello che \u00e8 considerato patrimonio culturale collettivo. Rendendolo accessibile, lo conservano e lo tramandano.<br \/>\nMa la scelta di ci\u00f2 che debba essere conservato, che viene definito &#8220;patrimonio&#8221;, si colloca a monte. Il primo esempio fatto dal relatore non \u00e8 da guida touring: sono gli atti del processo di piazza Fontana, che dovrebbero essere sottoposti ad un processo di digitalizzazione perch\u00e8 se ne conservi memoria prima che vadano al macero.<br \/>\nI fondi sui quali quest&#8217;operazione dovrebbe svolgersi sono ancora, inspiegabilmente, fermi. Si pu\u00f2 giocare a leggere un relatore con l&#8217;altro, incrociandoli: natura, cultura, memoria appaiono come ostaggi della tecnica soltanto se la decisione politica abdica al suo potere di scegliere e definire gli scopi.<br \/>\n<em>(Eleana Marullo)<\/em><\/p>\n","protected":false},"excerpt":{"rendered":"<p>Due occasioni diverse. Una \u00e8 il &#8220;XII colloquio dell&#8217;Istituto Europeo del lessico intellettuale&#8221;, che discute in questi giorni a Roma il significato del termine &#8220;natura&#8221;. L&#8217;altra \u00e8 la conferenza tenutasi a Firenze tra il 14 ed il 15 dicembre, sul tema &#8220;Cultural heritage on line&#8221;, volta ad studiare il legame tra cultura, memoria e &#8220;nuove [&hellip;]<\/p>\n","protected":false},"author":1,"featured_media":0,"comment_status":"closed","ping_status":"closed","sticky":false,"template":"","format":"standard","meta":{"footnotes":""},"categories":[131,16],"tags":[],"class_list":["post-1031","post","type-post","status-publish","format-standard","hentry","category-131","category-cultura"],"_links":{"self":[{"href":"https:\/\/www.olinews.it\/mt\/index.php?rest_route=\/wp\/v2\/posts\/1031","targetHints":{"allow":["GET"]}}],"collection":[{"href":"https:\/\/www.olinews.it\/mt\/index.php?rest_route=\/wp\/v2\/posts"}],"about":[{"href":"https:\/\/www.olinews.it\/mt\/index.php?rest_route=\/wp\/v2\/types\/post"}],"author":[{"embeddable":true,"href":"https:\/\/www.olinews.it\/mt\/index.php?rest_route=\/wp\/v2\/users\/1"}],"replies":[{"embeddable":true,"href":"https:\/\/www.olinews.it\/mt\/index.php?rest_route=%2Fwp%2Fv2%2Fcomments&post=1031"}],"version-history":[{"count":0,"href":"https:\/\/www.olinews.it\/mt\/index.php?rest_route=\/wp\/v2\/posts\/1031\/revisions"}],"wp:attachment":[{"href":"https:\/\/www.olinews.it\/mt\/index.php?rest_route=%2Fwp%2Fv2%2Fmedia&parent=1031"}],"wp:term":[{"taxonomy":"category","embeddable":true,"href":"https:\/\/www.olinews.it\/mt\/index.php?rest_route=%2Fwp%2Fv2%2Fcategories&post=1031"},{"taxonomy":"post_tag","embeddable":true,"href":"https:\/\/www.olinews.it\/mt\/index.php?rest_route=%2Fwp%2Fv2%2Ftags&post=1031"}],"curies":[{"name":"wp","href":"https:\/\/api.w.org\/{rel}","templated":true}]}}