{"id":1036,"date":"2007-01-10T12:28:01","date_gmt":"2007-01-10T12:28:01","guid":{"rendered":"http:\/\/www.comevedonoidaltonici.com\/wordpress\/?p=1036"},"modified":"2007-01-10T12:28:01","modified_gmt":"2007-01-10T12:28:01","slug":"service-press-ecco-come-ti-inquino-i-notiziari-radio","status":"publish","type":"post","link":"https:\/\/www.olinews.it\/mt\/?p=1036","title":{"rendered":"<em>Service Press<\/em> &#8211; Ecco come ti inquino i notiziari radio"},"content":{"rendered":"<p>E&#8217; verissimo quanto segnala c.a. (OLI n. 126) sui giornali senz&#8217;anima. Da giovane vittima del sistema, mi permetto di aggiungere qualche indicazione che aiuta &#8211; soltanto noi addetti, perch\u00e9 alla &#8220;ggente&#8221; purtroppo queste denunce non arrivano &#8211; a capire quanto la libert\u00e0 di informazione e di critica, garantita dalla legge 69, \u00e8 diventata schiava dei grandi o piccoli investitori. Dalla radiofonia commerciale pi\u00f9 bieca, ecco allora la mia <strong>anonima testimonianza<\/strong>.<\/p>\n<p><!--more--><br \/>\nMetti di lavorare davvero in un service, magari di un grande gruppo che certe porcate sulla carta stampata non le farebbe mai: vendere &#8220;prodotti&#8221; (di testo, suono, immagine, video, sms, mms) a testate &#8220;clienti&#8221;. Insomma, un supermercato dell&#8217;informazione per radio e tv locali (anche liguri) che trasmettono notiziari solo perch\u00e9 glielo impone la legge Mamm\u00ec. Che se fosse per loro\u2026 solo musica, qualche deejay imbecille e tanta pubblicit\u00e0. Un posto dove quello che mandi in onda non lo decide il caporedattore, ma l&#8217;ufficio marketing. Tu sei un misero redattore a tempo determinato. Ringrazia che non hai un contratto atipico.<br \/>\nAccendi il computer come al solito. E trovi gi\u00e0 aperto il file del giornale radio che stai per creare. &#8220;Chi \u00e8 stato?&#8221;, ti domandi, pensando ingenuamente a un errore. Poi la scoperta di un testo non tuo e l&#8217;imposizione di un allegato audio che fa rabbrividire.<br \/>\n<em>&#8220;Inserire nel notiziario, di rigore, grazie X.X. (segue qualifica)&#8221;: La Russia taglia le forniture dopo l&#8217;ondata di freddo degli ultimi mesi\u2026 (date la notizia, poi armonizzate..) &#8220;Ma ora, luce e gas in una sola bolletta, \u00e8 possibile perch\u00e9 Enel propone alle aziende e alle famiglie il servizio &#8220;dual energy&#8221;. Un&#8217;idea lanciata sul mercato in questi giorni che ci siamo fatti illustrare da Luca Dal Fabbro, responsabile marketing della divisione mercato di Enel: &#8212;-REG&#8212;-AUDIO&#8212; proposta Dual Energy &#8212;&#8212;&#8212;&#8212; 38 sec<\/em><br \/>\nQuesta cosa, che \u00e8 andata in onda pi\u00f9 volte su importanti circuiti radiofonici regionali, non \u00e8 neanche una marchetta. E&#8217; un messaggio pubblicitario che il tuo editore ti chiede di &#8220;armonizzare&#8221; all&#8217;interno di un giornale radio. Tra gli esteri, la cronaca e lo sport. Ma lo sai quanti di questi service stipulano contratti con enti e soggetti privati per decine di &#8220;passaggi&#8221; taroccati a svariate ore del giorno, soprattutto in prime time. DENTRO i notiziari! Senza la minima possibilit\u00e0, da parte del giornalista, di contestare. Oltretutto la radio cliente che lo riceve dal satellite pochi minuti prima della messa in onda e lo trasmette chiavi in mano (anche in Liguria), non ha il tempo di verificare tutto il &#8220;pacchetto&#8221;.<br \/>\nIl giovane misero redattore del service di cui sopra se la cava togliendo la firma dal gr e dice pure: &#8220;Cambiamo decisamente argomento&#8221;, cos\u00ec il messaggio pubblicitario \u00e8 chiaramente distinguibile, come vogliono i due contratti giornalistici (art. 44 Fnsi Fieg, art. 30 Aeranti Corallo). Lui si lava la coscienza. Ma che schifo. Per\u00f2 lo fa ugualmente. Senn\u00f2 come si mantiene? L&#8217;ha segnalato anche all&#8217;Ordine, ovviamente, senza ottenere alcuna risposta.<br \/>\nQuella che i pi\u00f9 vecchi chiamavano deontologia professionale non importa nemmeno ai suoi coetanei: si accorge di essere il solo, non dico a contestare, ma almeno a porsi il problema di questo ibrido informazione-pubblicit\u00e0. Al punto da essere costretto all&#8217;autocensura pur di lavorare, pur di avere uno stipendio da precario. Finisce con l&#8217;assuefarsi. E lascia ai maestri il dovere di ascoltare meglio le radio locali e denunciare certe pratiche infami, che sfuggono all&#8217;orecchio della gente comune e non interessano sostanzialmente pi\u00f9 a nessuno.<\/p>\n","protected":false},"excerpt":{"rendered":"<p>E&#8217; verissimo quanto segnala c.a. (OLI n. 126) sui giornali senz&#8217;anima. Da giovane vittima del sistema, mi permetto di aggiungere qualche indicazione che aiuta &#8211; soltanto noi addetti, perch\u00e9 alla &#8220;ggente&#8221; purtroppo queste denunce non arrivano &#8211; a capire quanto la libert\u00e0 di informazione e di critica, garantita dalla legge 69, \u00e8 diventata schiava dei [&hellip;]<\/p>\n","protected":false},"author":1,"featured_media":0,"comment_status":"closed","ping_status":"closed","sticky":false,"template":"","format":"standard","meta":{"footnotes":""},"categories":[131,13,8],"tags":[],"class_list":["post-1036","post","type-post","status-publish","format-standard","hentry","category-131","category-informazione","category-lavoro"],"_links":{"self":[{"href":"https:\/\/www.olinews.it\/mt\/index.php?rest_route=\/wp\/v2\/posts\/1036","targetHints":{"allow":["GET"]}}],"collection":[{"href":"https:\/\/www.olinews.it\/mt\/index.php?rest_route=\/wp\/v2\/posts"}],"about":[{"href":"https:\/\/www.olinews.it\/mt\/index.php?rest_route=\/wp\/v2\/types\/post"}],"author":[{"embeddable":true,"href":"https:\/\/www.olinews.it\/mt\/index.php?rest_route=\/wp\/v2\/users\/1"}],"replies":[{"embeddable":true,"href":"https:\/\/www.olinews.it\/mt\/index.php?rest_route=%2Fwp%2Fv2%2Fcomments&post=1036"}],"version-history":[{"count":0,"href":"https:\/\/www.olinews.it\/mt\/index.php?rest_route=\/wp\/v2\/posts\/1036\/revisions"}],"wp:attachment":[{"href":"https:\/\/www.olinews.it\/mt\/index.php?rest_route=%2Fwp%2Fv2%2Fmedia&parent=1036"}],"wp:term":[{"taxonomy":"category","embeddable":true,"href":"https:\/\/www.olinews.it\/mt\/index.php?rest_route=%2Fwp%2Fv2%2Fcategories&post=1036"},{"taxonomy":"post_tag","embeddable":true,"href":"https:\/\/www.olinews.it\/mt\/index.php?rest_route=%2Fwp%2Fv2%2Ftags&post=1036"}],"curies":[{"name":"wp","href":"https:\/\/api.w.org\/{rel}","templated":true}]}}