{"id":1039,"date":"2007-01-18T13:20:19","date_gmt":"2007-01-18T13:20:19","guid":{"rendered":"http:\/\/www.comevedonoidaltonici.com\/wordpress\/?p=1039"},"modified":"2007-01-18T13:20:19","modified_gmt":"2007-01-18T13:20:19","slug":"minori2-tempi-burocratici-per-le-emergenze","status":"publish","type":"post","link":"https:\/\/www.olinews.it\/mt\/?p=1039","title":{"rendered":"<em>Minori\/2<\/em> &#8211; Tempi burocratici per le emergenze"},"content":{"rendered":"<p>E&#8217; l&#8217;Uocst (Unit\u00e0 operativa cittadini senza territorio) situato in via Ilva che si occupa della &#8220;presa in carico&#8221; dei minori stranieri non accompagnati. Alle otto del mattino c&#8217;\u00e8 gi\u00e0 un fila di persone che aspetta fuori dalla porta: questi locali infatti ospitano anche gli uffici per le persone senza fissa dimora, per l&#8217;assegnazione alloggi, per gli adulti stranieri, i nomadi e per l&#8217;emigrazione di ritorno. Gli operatori destinati ai minori stranieri sono quattro: uno a tempo pieno, uno part time e due a contratto temporaneo. Un organico risicato che deve garantire tra le 8 e le 18 la soluzione delle &#8220;emergenze diurne&#8221; e la reperibilit\u00e0 telefonica per la notte.<br \/>\nGli operatori spiegano che in media l&#8217;ufficio riceve una segnalazione al giorno, in genere, ma non sempre, da parte delle forze dell&#8217;ordine, a volte per piccoli reati, a volte per qualsiasi altra ragione che renda evidente la condizione irregolare del ragazzo\/a. Se il minore non ha il passaporto, le forze dell&#8217;ordine, oltre ad identificarlo e a segnalarlo al Tribunale dei minori, prendono contatto con l&#8217;Uocst perch\u00e9 provveda ad un suo &#8220;collocamento urgente&#8221;, il che vuol dire che nell&#8217;immediato, se si trova un posto disponibile, viene collocato in una struttura di accoglienza oppure, se non si trova altro posto, in un albergo.<\/p>\n<p><!--more--><br \/>\nIl minore dovrebbe attendere &#8211; in questa sistemazione temporanea &#8211; il colloquio con il servizio sociale che definir\u00e0 le tappe successive del suo percorso, ma prima che questo primo incontro possa svolgersi di tempo ne passa (relativamente) parecchio. Nelle buone intenzioni, mi dicono, il contatto col minore dovrebbe avvenire entro dieci giorni, ma spesso ne passano di pi\u00f9. &#8220;I ragazzi tendono ad andarsene. I giovani marocchini si fermano almeno per farsi una doccia, i giovani rumeni nemmeno per quello&#8221;. E svaniscono nel nulla. L&#8217;ideale sarebbe agganciarli subito, metterli immediatamente a contatto con un operatore sociale, valersi da subito di un mediatore culturale esperto, ma i soldi per fare tutto questo non ci sono.<br \/>\nE allora perch\u00e8 (come risulta dalla ricerca dell&#8217;Anci) la spesa annuale per ogni minore assistito a Genova \u00e8 tanto pi\u00f9 elevata di quella registrata in altre citt\u00e0? Ipotizzano che vi sia una sottostima dei casi realmente seguiti dovuta al bassissimo livello di informatizzazione e alla mancanza del tempo necessario per tenere un&#8217;accurata registrazione dei casi, ma questi aspetti non sono di loro competenza e cos\u00ec non pu\u00f2 ricevere risposta nemmeno la domanda sulla entit\u00e0 delle rette che vengono pagate alle strutture di accoglienza. Sanno solo che possono oscillare dai 50 ai 120 euro al giorno, ma non quali ne siano i criteri. Si sa soltanto che a settembre il Comune ha varato una delibera sui criteri di accreditamento, che qualcosa in merito dovrebbe spiegare. E forse migliorare.<br \/>\n<em>(Paola Pierantoni)<\/em><\/p>\n","protected":false},"excerpt":{"rendered":"<p>E&#8217; l&#8217;Uocst (Unit\u00e0 operativa cittadini senza territorio) situato in via Ilva che si occupa della &#8220;presa in carico&#8221; dei minori stranieri non accompagnati. Alle otto del mattino c&#8217;\u00e8 gi\u00e0 un fila di persone che aspetta fuori dalla porta: questi locali infatti ospitano anche gli uffici per le persone senza fissa dimora, per l&#8217;assegnazione alloggi, per [&hellip;]<\/p>\n","protected":false},"author":1,"featured_media":0,"comment_status":"closed","ping_status":"closed","sticky":false,"template":"","format":"standard","meta":{"footnotes":""},"categories":[132,7],"tags":[],"class_list":["post-1039","post","type-post","status-publish","format-standard","hentry","category-132","category-immigrazione"],"_links":{"self":[{"href":"https:\/\/www.olinews.it\/mt\/index.php?rest_route=\/wp\/v2\/posts\/1039","targetHints":{"allow":["GET"]}}],"collection":[{"href":"https:\/\/www.olinews.it\/mt\/index.php?rest_route=\/wp\/v2\/posts"}],"about":[{"href":"https:\/\/www.olinews.it\/mt\/index.php?rest_route=\/wp\/v2\/types\/post"}],"author":[{"embeddable":true,"href":"https:\/\/www.olinews.it\/mt\/index.php?rest_route=\/wp\/v2\/users\/1"}],"replies":[{"embeddable":true,"href":"https:\/\/www.olinews.it\/mt\/index.php?rest_route=%2Fwp%2Fv2%2Fcomments&post=1039"}],"version-history":[{"count":0,"href":"https:\/\/www.olinews.it\/mt\/index.php?rest_route=\/wp\/v2\/posts\/1039\/revisions"}],"wp:attachment":[{"href":"https:\/\/www.olinews.it\/mt\/index.php?rest_route=%2Fwp%2Fv2%2Fmedia&parent=1039"}],"wp:term":[{"taxonomy":"category","embeddable":true,"href":"https:\/\/www.olinews.it\/mt\/index.php?rest_route=%2Fwp%2Fv2%2Fcategories&post=1039"},{"taxonomy":"post_tag","embeddable":true,"href":"https:\/\/www.olinews.it\/mt\/index.php?rest_route=%2Fwp%2Fv2%2Ftags&post=1039"}],"curies":[{"name":"wp","href":"https:\/\/api.w.org\/{rel}","templated":true}]}}