{"id":1053,"date":"2007-01-31T12:49:26","date_gmt":"2007-01-31T12:49:26","guid":{"rendered":"http:\/\/www.comevedonoidaltonici.com\/wordpress\/?p=1053"},"modified":"2007-01-31T12:49:26","modified_gmt":"2007-01-31T12:49:26","slug":"carige-baci-e-abbracci-in-fondazione","status":"publish","type":"post","link":"https:\/\/www.olinews.it\/mt\/?p=1053","title":{"rendered":"<em>Carige <\/em>&#8211; Baci e abbracci in Fondazione"},"content":{"rendered":"<p>Cinquecento parole sono il massimo consentito dalla nostra newsletter per un articolo. Argomento: le ultime vicende della Fondazione Carige che detiene oltre il 40% delle quote della banca omonima e ne \u00e8 pertanto il principale azionista. Regola aurea: quando le notizie si assiepano partire dalla fine. Sapendo come finisce una storia risulta pi\u00f9 facile individuare gli antefatti. La fine \u00e8 che il 15 gennaio scorso il Consiglio di indirizzo ha eletto all&#8217;unanimit\u00e0 &#8211; per la prima volta dopo anni &#8211; il nuovo Consiglio di amministrazione della Fondazione. Nel Consiglio, dove la maggioranza \u00e8 largamente di centro destra (7 seggi), il centro sinistra avrebbe potuto avere 3 invece che 2 rappresentanti. Ma ha fatto omaggio &#8211; solo nei giorni successivi se n&#8217;\u00e8 capito il significato &#8211; di uno dei suoi posti alla Curia; cos\u00ec il cardinale ci ha messo un suo vice.<\/p>\n<p><!--more--><br \/>\nSubito dopo il voto unanime il presidente del Consiglio di amministrazione Lorenzelli &#8211; in carica fino al 2011 &#8211; si \u00e8 dimesso sbattendo la porta mentre tutti facevano la faccia degli stupiti. Pochi giorni dopo, il 23 gennaio, c&#8217;\u00e8 stata la riunione di insediamento del nuovo Consiglio. Facce distese e pacche sulle spalle mentre si annuncia un &#8220;nuovo metodo di lavoro che consentir\u00e0 di interpretare con coerenza e organicit\u00e0 la mission dell&#8217;ente&#8221; (cosa che evidentemente prima non succedeva). Si annuncia anche una &#8220;nuova stagione della Fondazione sempre pi\u00f9 aperta ad accogliere e a rispondere efficacemente alle varie istanze dei vari soggetti operanti nel territorio&#8221;.<br \/>\nSpiegazione: il consiglio di amministrazione \u00e8 stato espresso unanimemente grazie all&#8217;accordo tra centro destra (Scajola, Bertone e Curia) e centro sinistra (Burlando, Pericu, Repetto). Alla base dell&#8217;accordo la difesa patriottica a oltranza del &#8220;ligurismo&#8221; della Carige e l&#8217;unit\u00e0 nel respingere le accuse ancora di recente formulate da Bankitalia e Isvap a Carige Assicurazioni. Accordo anche per ignorare le preoccupanti manifestazioni di nepotismo ai vertici della Carige.<br \/>\nIn cambio il centro sinistra ha ottenuto di entrare nella trattativa sul futuro assetto della banca (il dopo Berneschi); di aumentare la quota a sua disposizione nelle erogazioni &#8211; poco meno di una quarantina di milioni di euro all&#8217;anno! &#8211; effettuate dalla Fondazione; nelle scelte di investimento dei capitali a disposizione della Fondazione (oggi ampiamente reinvestiti in azioni Carige).<br \/>\nDa parte sua Carige ha dato garanzie per un graduale passaggio di poteri ad un nuovo management non compromesso nelle vicende al centro delle inchieste di Isvap e Bankitalia.<br \/>\nMorale: Carige ha ottenuto che tutto il fronte della politica locale si impegni alla sua salvaguardia. I politici da destra a sinistra si accordano per un controllo della Fondazione e la conseguente partecipazione al governo della Banca.<br \/>\nIl tutto alla faccia della legge Ciampi Amato (1998) che mirava a tenere lontana la &#8220;politica&#8221; dalla gestione bancaria riducendo il peso delle quote possedute dalle Fondazioni che &#8211; come \u00e8 appunto avvenuto con Carige &#8211; sono l&#8217;oggetto del desiderio e della spartizione tra i partiti.<br \/>\nGiusto 500 parole, ma anche cos\u00ec la questione appare chiara vero?<br \/>\n<em>(Manlio Calegari)<\/em><\/p>\n","protected":false},"excerpt":{"rendered":"<p>Cinquecento parole sono il massimo consentito dalla nostra newsletter per un articolo. Argomento: le ultime vicende della Fondazione Carige che detiene oltre il 40% delle quote della banca omonima e ne \u00e8 pertanto il principale azionista. Regola aurea: quando le notizie si assiepano partire dalla fine. Sapendo come finisce una storia risulta pi\u00f9 facile individuare [&hellip;]<\/p>\n","protected":false},"author":1,"featured_media":0,"comment_status":"closed","ping_status":"closed","sticky":false,"template":"","format":"standard","meta":{"footnotes":""},"categories":[134,10],"tags":[],"class_list":["post-1053","post","type-post","status-publish","format-standard","hentry","category-134","category-politica"],"_links":{"self":[{"href":"https:\/\/www.olinews.it\/mt\/index.php?rest_route=\/wp\/v2\/posts\/1053","targetHints":{"allow":["GET"]}}],"collection":[{"href":"https:\/\/www.olinews.it\/mt\/index.php?rest_route=\/wp\/v2\/posts"}],"about":[{"href":"https:\/\/www.olinews.it\/mt\/index.php?rest_route=\/wp\/v2\/types\/post"}],"author":[{"embeddable":true,"href":"https:\/\/www.olinews.it\/mt\/index.php?rest_route=\/wp\/v2\/users\/1"}],"replies":[{"embeddable":true,"href":"https:\/\/www.olinews.it\/mt\/index.php?rest_route=%2Fwp%2Fv2%2Fcomments&post=1053"}],"version-history":[{"count":0,"href":"https:\/\/www.olinews.it\/mt\/index.php?rest_route=\/wp\/v2\/posts\/1053\/revisions"}],"wp:attachment":[{"href":"https:\/\/www.olinews.it\/mt\/index.php?rest_route=%2Fwp%2Fv2%2Fmedia&parent=1053"}],"wp:term":[{"taxonomy":"category","embeddable":true,"href":"https:\/\/www.olinews.it\/mt\/index.php?rest_route=%2Fwp%2Fv2%2Fcategories&post=1053"},{"taxonomy":"post_tag","embeddable":true,"href":"https:\/\/www.olinews.it\/mt\/index.php?rest_route=%2Fwp%2Fv2%2Ftags&post=1053"}],"curies":[{"name":"wp","href":"https:\/\/api.w.org\/{rel}","templated":true}]}}