{"id":1071,"date":"2007-02-14T09:01:35","date_gmt":"2007-02-14T09:01:35","guid":{"rendered":"http:\/\/www.comevedonoidaltonici.com\/wordpress\/?p=1071"},"modified":"2007-02-14T09:01:35","modified_gmt":"2007-02-14T09:01:35","slug":"riti-mini-bare-e-funerali-per-chi-non-e-nato","status":"publish","type":"post","link":"https:\/\/www.olinews.it\/mt\/?p=1071","title":{"rendered":"<em>Riti <\/em>&#8211; Mini-bare e funerali per chi non \u00e8 nato"},"content":{"rendered":"<p>&#8220;Signora che destinazione ha previsto per il feto? Preferisce che ce ne occupiamo noi, mettendolo in una fossa comune o forse ha in mente un funerale privato?&#8221;<br \/>\nSucceder\u00e0 in Lombardia, e la domanda &#8211; declinata forse in altri termini &#8211; verr\u00e0 posta dai funzionari delle Asl a molte donne che ricorreranno all&#8217;interruzione di gravidanza anche sotto le venti settimane di gravidanza.<\/p>\n<p><!--more--><br \/>\nCome se le donne non sapessero. Come se per vivere in maniera autentica il loro dolore dovessero essere prese per mano dall&#8217;istituzione per capire fino a che punto di sconsideratezza sono arrivate, per essere ricondotte allo spazio fisico che ci\u00f2 che hanno in grembo deve occupare.<br \/>\nA otto settimane l&#8217;embrione misura meno di 2,5 cm, a dodici settimane misura 5 cm, a venti settimane \u00e8 un feto di 25 cm. Di compiuto solo l&#8217;idea di una maternit\u00e0 abortita con la quale la donna convive consapevolmente e in tutta solitudine. L&#8217;aberrazione \u00e8 intrinseca nella domanda di fondo, pregna &#8211; quella s\u00ec &#8211; di giudizio e colpa: &#8220;Vuole vedere cosa ha fatto? E&#8217; qui. A sua disposizione&#8221;<br \/>\nViene da chiedersi se la Regione Lombardia ha pensato ai vestiti che dovr\u00e0 indossare quanto \u00e8 stato concepito e se provveder\u00e0 a suggerire la piccola bara &#8211; supponiamo bianca &#8211; nella quale andr\u00e0 deposto. Nel cinismo della domanda immaginiamo sia prevista una soluzione per le mamme cattoliche, in merito al limbo, perch\u00e9 \u00e8 l\u00ec che finiscono i non battezzati &#8211; fino a quando Ratzinger non si sar\u00e0 definitivamente espresso in merito &#8211; suo malgrado. Siamo certi che un prete provveder\u00e0 a somministrare il sacramento alla pancia, magari il giorno prima dell&#8217;addio. Sar\u00e0 un grande andirivieni nei reparti ostetricia di prelati, addetti alle pompe funebri e parenti. E si dovranno dare da fare anche gli addetti alle aree cimiteriali per riservare spazi appositi. Ma pare che in Lombardia si stiano gi\u00e0 attrezzando.<br \/>\nIl leghista Alessandro C\u00e8 ha dichiarato: &#8220;Mi sembra un grande momento di civilt\u00e0. L&#8217;embrione \u00e8 un essere umano e come tale lo trattiamo&#8221; e con lui la consigliera ds Ardemia Oriani ha difeso le nuove regole: &#8220;Abbiamo definito una procedura pi\u00f9 chiara, ma non c&#8217;\u00e8 nessuna contraddizione con la legge 194, che disciplina l&#8217;interruzione volontaria della gravidanza, alla quale sono pienamente favorevole&#8221;.<br \/>\nE la donna? Come la trattano?<br \/>\nNessun problema: le hanno gi\u00e0 fatto il funerale (altre informazioni:http:\/\/www.usciamodalsilenzio.org)<br \/>\n<em>(Giulia Parodi)<\/em><\/p>\n","protected":false},"excerpt":{"rendered":"<p>&#8220;Signora che destinazione ha previsto per il feto? Preferisce che ce ne occupiamo noi, mettendolo in una fossa comune o forse ha in mente un funerale privato?&#8221; Succeder\u00e0 in Lombardia, e la domanda &#8211; declinata forse in altri termini &#8211; verr\u00e0 posta dai funzionari delle Asl a molte donne che ricorreranno all&#8217;interruzione di gravidanza anche [&hellip;]<\/p>\n","protected":false},"author":1,"featured_media":0,"comment_status":"closed","ping_status":"closed","sticky":false,"template":"","format":"standard","meta":{"footnotes":""},"categories":[136],"tags":[],"class_list":["post-1071","post","type-post","status-publish","format-standard","hentry","category-136"],"_links":{"self":[{"href":"https:\/\/www.olinews.it\/mt\/index.php?rest_route=\/wp\/v2\/posts\/1071","targetHints":{"allow":["GET"]}}],"collection":[{"href":"https:\/\/www.olinews.it\/mt\/index.php?rest_route=\/wp\/v2\/posts"}],"about":[{"href":"https:\/\/www.olinews.it\/mt\/index.php?rest_route=\/wp\/v2\/types\/post"}],"author":[{"embeddable":true,"href":"https:\/\/www.olinews.it\/mt\/index.php?rest_route=\/wp\/v2\/users\/1"}],"replies":[{"embeddable":true,"href":"https:\/\/www.olinews.it\/mt\/index.php?rest_route=%2Fwp%2Fv2%2Fcomments&post=1071"}],"version-history":[{"count":0,"href":"https:\/\/www.olinews.it\/mt\/index.php?rest_route=\/wp\/v2\/posts\/1071\/revisions"}],"wp:attachment":[{"href":"https:\/\/www.olinews.it\/mt\/index.php?rest_route=%2Fwp%2Fv2%2Fmedia&parent=1071"}],"wp:term":[{"taxonomy":"category","embeddable":true,"href":"https:\/\/www.olinews.it\/mt\/index.php?rest_route=%2Fwp%2Fv2%2Fcategories&post=1071"},{"taxonomy":"post_tag","embeddable":true,"href":"https:\/\/www.olinews.it\/mt\/index.php?rest_route=%2Fwp%2Fv2%2Ftags&post=1071"}],"curies":[{"name":"wp","href":"https:\/\/api.w.org\/{rel}","templated":true}]}}