{"id":1072,"date":"2007-02-14T09:41:51","date_gmt":"2007-02-14T09:41:51","guid":{"rendered":"http:\/\/www.comevedonoidaltonici.com\/wordpress\/?p=1072"},"modified":"2007-02-14T09:41:51","modified_gmt":"2007-02-14T09:41:51","slug":"turismo-leccesso-di-cinismo-sfocia-nel-ridicolo","status":"publish","type":"post","link":"https:\/\/www.olinews.it\/mt\/?p=1072","title":{"rendered":"<em>Turismo <\/em>&#8211; L&#8217;eccesso di cinismo sfocia nel ridicolo"},"content":{"rendered":"<p><img loading=\"lazy\" decoding=\"async\" src=\"http:\/\/www.olinews.it\/mt\/images\/ambientes.jpg\" alt=\"\" height=\"150\" width=\"150\" align=\"left\" hspace=\"5\">Si dice che il giornale del giorno prima serva soltanto per incartare il pesce e forse avrei fatto bene ad usare cos\u00ec le due pagine di <em>Repubblica <\/em>del 30 gennaio dedicate a Savona e ai progetti di &#8220;sviluppo&#8221; della citt\u00e0 alla ricerca di una sua identit\u00e0 tra l&#8217;architettura &#8220;iconica&#8221; di Fuksas e Boffil e gli accordi con Costa Crociere per diventare sempre pi\u00f9 &#8220;appetibile&#8221; per i crocieristi.<\/p>\n<p><!--more--><br \/>\nInvece le ho tenute e rileggendole mi \u00e8 caduto l&#8217;occhio sulla chiusa del servizio dedicato alla richiesta di Costa Crociere di trovare una spiaggia nel ponente ligure da &#8220;riservare&#8221; ai suoi crocieristi per consentire loro di fare una giornata di mare quando sostino a Savona. Dopo aver riportato la piena disponibilit\u00e0 a trovare una soluzione per sfruttare tale &#8220;opportunit\u00e0&#8221; di numerosi soggetti istituzionali (Comune di Savona, Provincia di Savona Agenzia regionale di promozione turistica), l&#8217;articolista ci informa che anche per l&#8217;assessore regionale al turismo Bozzano questa idea \u00e8 da considerare una opportunit\u00e0 aggiungendo nel virgolettato che &#8220;potrebbe essere utilizzata al di fuori della stagione balneare vera e propria, come ormai il cambiamento climatico ci consente di fare&#8221;. Va bene il pragmatismo ma chiss\u00e0 cosa ne pensa l&#8217;assessore all&#8217;ambiente. Il giornalista che ha raccolto l&#8217;illuminata visione della Bozzano si \u00e8 ben guardato dal chiedere spiegazio ni avallando l&#8217;idea che, visto che l&#8217;inverno \u00e8 destinato a sparire, tanto vale approfittarne. Mi chiedo a quando l&#8217;aumento dell&#8217;ICI per le case a mezza collina destinate a diventare costiere a seguito dell&#8217;innalzamento del livello del mare paventato negli scenari allarmanti diffusi in queste ultime settimane.<br \/>\n<em>(Giovanni Daniele) <\/em><\/p>\n","protected":false},"excerpt":{"rendered":"<p>Si dice che il giornale del giorno prima serva soltanto per incartare il pesce e forse avrei fatto bene ad usare cos\u00ec le due pagine di Repubblica del 30 gennaio dedicate a Savona e ai progetti di &#8220;sviluppo&#8221; della citt\u00e0 alla ricerca di una sua identit\u00e0 tra l&#8217;architettura &#8220;iconica&#8221; di Fuksas e Boffil e gli [&hellip;]<\/p>\n","protected":false},"author":1,"featured_media":0,"comment_status":"closed","ping_status":"closed","sticky":false,"template":"","format":"standard","meta":{"footnotes":""},"categories":[136],"tags":[],"class_list":["post-1072","post","type-post","status-publish","format-standard","hentry","category-136"],"_links":{"self":[{"href":"https:\/\/www.olinews.it\/mt\/index.php?rest_route=\/wp\/v2\/posts\/1072","targetHints":{"allow":["GET"]}}],"collection":[{"href":"https:\/\/www.olinews.it\/mt\/index.php?rest_route=\/wp\/v2\/posts"}],"about":[{"href":"https:\/\/www.olinews.it\/mt\/index.php?rest_route=\/wp\/v2\/types\/post"}],"author":[{"embeddable":true,"href":"https:\/\/www.olinews.it\/mt\/index.php?rest_route=\/wp\/v2\/users\/1"}],"replies":[{"embeddable":true,"href":"https:\/\/www.olinews.it\/mt\/index.php?rest_route=%2Fwp%2Fv2%2Fcomments&post=1072"}],"version-history":[{"count":0,"href":"https:\/\/www.olinews.it\/mt\/index.php?rest_route=\/wp\/v2\/posts\/1072\/revisions"}],"wp:attachment":[{"href":"https:\/\/www.olinews.it\/mt\/index.php?rest_route=%2Fwp%2Fv2%2Fmedia&parent=1072"}],"wp:term":[{"taxonomy":"category","embeddable":true,"href":"https:\/\/www.olinews.it\/mt\/index.php?rest_route=%2Fwp%2Fv2%2Fcategories&post=1072"},{"taxonomy":"post_tag","embeddable":true,"href":"https:\/\/www.olinews.it\/mt\/index.php?rest_route=%2Fwp%2Fv2%2Ftags&post=1072"}],"curies":[{"name":"wp","href":"https:\/\/api.w.org\/{rel}","templated":true}]}}