{"id":1073,"date":"2007-02-14T09:44:02","date_gmt":"2007-02-14T09:44:02","guid":{"rendered":"http:\/\/www.comevedonoidaltonici.com\/wordpress\/?p=1073"},"modified":"2007-02-14T09:44:02","modified_gmt":"2007-02-14T09:44:02","slug":"incomprensioni-lermetismo-di-burlando-favorisce-la-sordita","status":"publish","type":"post","link":"https:\/\/www.olinews.it\/mt\/?p=1073","title":{"rendered":"<em>Incomprensioni <\/em>&#8211; L&#8217;ermetismo di Burlando favorisce la sordit\u00e0"},"content":{"rendered":"<p>&#8220;Spiegher\u00f2 a Prodi che deve cominciare a occuparsi di pi\u00f9 del Nord Ovest dove ci sono territori che stanno diventando decisivi per il paese&#8221;. Sono pi\u00f9 o meno le parole pronunciate da Burlando alla vigilia delle primarie (Repubblica, 31 gennaio 2007). L&#8217;ora del Nord Ovest \u00e8 arrivata, dice Burlando, mentre noi stiamo qui ad attardarci in beghe da paese. La &#8220;opinione pubblica&#8221; e molti dei protagonisti della politica locale, vittime del loro stesso municipalismo, trattano ad esempio Erzelli o Iit come questioni locali senza coglierne la capacit\u00e0 di indurre ulteriori dinamiche. E di esempi, aggiunge Burlando, se ne potrebbero fare altri. Esempi di una pericolosa miopia che oggi impedisce di vedere come &#8220;per Genova e la Liguria questo \u00e8 un momento molto simile al &#8217;90-&#8217;92 quando l&#8217;opinione pubblica, la stampa, non capivano cosa stava accadendo e le Colombiane si risolsero in una riprovazione&#8221;.<\/p>\n<p><!--more--><br \/>\nFacciamo che Burlando abbia ragione: i politici locali non sono all&#8217;altezza, l&#8217;opinione pubblica stenta a pensare in grande incapace di apprezzare le occasioni che starebbero per presentarsi. E facciamo anche finta di non ricordare come i mitici anni &#8217;90-&#8217;92 e dintorni da lui citati (Giunta Merlo 2 agosto 1990 &#8211; 3 dicembre 1992 con vicesindaco Claudio Burlando e Giunta Burlando, 3 dicembre 1992 &#8211; 19 maggio 1993) siano stati anni di gravi scandali. Da qui venne la &#8220;riprovazione&#8221; giudiziaria che port\u00f2 allo scioglimento del Consiglio comunale e alla nomina di un commissario prefettizio, dal 27 maggio 1993 al 5 dicembre 1993, fino a quando, dopo nuove elezioni, fu eletto sindaco Sansa (1993-1997).<br \/>\nLasciamo dunque perdere il riferimento -infelice!- e restiamo ai fatti cos\u00ec come li pone Burlando. L&#8217;opinione pubblica, intesa come stampa, non capisce come la ruota stia girando. Anche gli &#8220;attori&#8221; non capiscono o non sono all&#8217;altezza. Ma chi saranno gli &#8220;attori&#8221;? Gli industriali? I finanzieri? Le banche? E che cosa, con precisione, non capiscono?<br \/>\nForse per avere una opinione pubblica all&#8217;altezza dei tempi anche la politica, in primis il presidente della Regione, dovrebbe fare la sua parte. Per esempio dire a quali progetti sta lavorando, con quali interlocutori e quali obiettivi. Burlando invece ha detto, in pi\u00f9 occasioni, che la politica non si fa rivelando i giochi ma tessendo in silenzio. Orgoglioso del suo modo d&#8217;essere genovese, sobrio, poco amante della vetrina, Burlando ha condotto tutta la sua campagna elettorale a partire dall&#8217;estate 2004 fino alla elezione nel 2005 con grandi manifesti in cui compariva al centro di operai, olivicoltori, medici, insegnanti, sportivi ecc. Nessuna foto invece insieme a costruttori di porticcioli, cementificatori, impresari, armatori, broker, petrolieri. Come a voler significare che non era da costoro che aspettava d&#8217;essere eletto ma dai primi.<br \/>\nE poi cosa \u00e8 successo? I giornali &#8220;non capiscono&#8221;; l&#8217;opinione pubblica &#8220;non \u00e8 all&#8217;altezza&#8221; delle sfide&#8230;<br \/>\nForse per Burlando e C. \u00e8 arrivato il momento di lasciare le rimostranze e parlare chiaramente.<br \/>\n<em>(Manlio Calegari)<\/em><\/p>\n","protected":false},"excerpt":{"rendered":"<p>&#8220;Spiegher\u00f2 a Prodi che deve cominciare a occuparsi di pi\u00f9 del Nord Ovest dove ci sono territori che stanno diventando decisivi per il paese&#8221;. Sono pi\u00f9 o meno le parole pronunciate da Burlando alla vigilia delle primarie (Repubblica, 31 gennaio 2007). L&#8217;ora del Nord Ovest \u00e8 arrivata, dice Burlando, mentre noi stiamo qui ad attardarci [&hellip;]<\/p>\n","protected":false},"author":1,"featured_media":0,"comment_status":"closed","ping_status":"closed","sticky":false,"template":"","format":"standard","meta":{"footnotes":""},"categories":[136,10],"tags":[],"class_list":["post-1073","post","type-post","status-publish","format-standard","hentry","category-136","category-politica"],"_links":{"self":[{"href":"https:\/\/www.olinews.it\/mt\/index.php?rest_route=\/wp\/v2\/posts\/1073","targetHints":{"allow":["GET"]}}],"collection":[{"href":"https:\/\/www.olinews.it\/mt\/index.php?rest_route=\/wp\/v2\/posts"}],"about":[{"href":"https:\/\/www.olinews.it\/mt\/index.php?rest_route=\/wp\/v2\/types\/post"}],"author":[{"embeddable":true,"href":"https:\/\/www.olinews.it\/mt\/index.php?rest_route=\/wp\/v2\/users\/1"}],"replies":[{"embeddable":true,"href":"https:\/\/www.olinews.it\/mt\/index.php?rest_route=%2Fwp%2Fv2%2Fcomments&post=1073"}],"version-history":[{"count":0,"href":"https:\/\/www.olinews.it\/mt\/index.php?rest_route=\/wp\/v2\/posts\/1073\/revisions"}],"wp:attachment":[{"href":"https:\/\/www.olinews.it\/mt\/index.php?rest_route=%2Fwp%2Fv2%2Fmedia&parent=1073"}],"wp:term":[{"taxonomy":"category","embeddable":true,"href":"https:\/\/www.olinews.it\/mt\/index.php?rest_route=%2Fwp%2Fv2%2Fcategories&post=1073"},{"taxonomy":"post_tag","embeddable":true,"href":"https:\/\/www.olinews.it\/mt\/index.php?rest_route=%2Fwp%2Fv2%2Ftags&post=1073"}],"curies":[{"name":"wp","href":"https:\/\/api.w.org\/{rel}","templated":true}]}}