{"id":1075,"date":"2007-02-14T09:48:47","date_gmt":"2007-02-14T09:48:47","guid":{"rendered":"http:\/\/www.comevedonoidaltonici.com\/wordpress\/?p=1075"},"modified":"2007-02-14T09:48:47","modified_gmt":"2007-02-14T09:48:47","slug":"precari2-la-grande-assenza-del-sindacato","status":"publish","type":"post","link":"https:\/\/www.olinews.it\/mt\/?p=1075","title":{"rendered":"<em>Precari\/2 <\/em>&#8211; La grande assenza del sindacato"},"content":{"rendered":"<p>A conclusione dell&#8217;incontro tra il presidente della Regione e i &#8220;suoi&#8221; precari nella sala del Maggior Consiglio a Palazzo Ducale, l&#8217;ultima parola viene data a Giovanni Floris. &#8220;Come giornalista, dice il conduttore di Ballar\u00f2, oggi la cosa che mi salta agli occhi \u00e8 che questa situazione non \u00e8 stata strappata alla politica: \u00e8 la politica che ha messo insieme qui queste persone e le ha fatte parlare&#8221;. Floris coglie nel segno: infatti non \u00e8 la Regione ad essere stata convocata dai lavoratori e dal loro sindacato, ma sono i lavoratori che affollano la sala ad essere stati chiamati a raccolta dal loro diretto o indiretto datore di lavoro. Coerentemente, si potrebbe dire, non solo tra gli interventi ufficiali non \u00e8 stato previsto nessun sindacalista, ma il sindacato non viene nominato mai nemmeno per sbaglio dagli oratori ufficiali.<\/p>\n<p><!--more--><br \/>\nIl sindacato non viene mai citato nemmeno dai lavoratori. L&#8217;unico soggetto collettivo evocato in uno degli in terventi \u00e8 &#8220;il collettivo dei precari dell&#8217;Ist&#8221;, l&#8217;unico volantino che circola \u00e8 quello dei Cobas.<br \/>\nIn una assemblea chiamata a discutere di precariet\u00e0 e del suo superamento, cio\u00e8 dell&#8217;epicentro dell&#8217;attuale mondo del lavoro, il sindacato pare essere la fata che non \u00e8 stata invitata e di cui nessuno, apparentemente, sente nostalgia. I temi del sindacato vengono affrontati dal sociologo Mario De Benedittis quando osserva che la precariet\u00e0 accentua le disparit\u00e0 di partenza: maledizione per chi si deve basare solo sulle sue forze, volano per la creativit\u00e0 e per il successo economico per chi ha strumenti culturali elevati e le spalle coperte, o quando afferma che la precariet\u00e0 pu\u00f2 essere accettabile, e anche utile, quando sei giovane e ancora &#8220;in fase esplorativa&#8221;, altrimenti diventa una condizione grottesca e contagiosa, che estende la instabilit\u00e0 a tutti gli aspetti della vita. Anche l&#8217;imprenditore Edoardo Narduzzi tocca un punto di fondo della recente storia sindacale quando afferma che il fatto di aver mantenuto intatto &#8211; per una parte dei lavoratori &#8211; il sistema di r igidit\u00e0 e diritti costruito negli anni &#8217;70, ha fatto s\u00ec che la richiesta di flessibilit\u00e0 che veniva dai mercati internazionali sia stata tutta assorbita solo dai giovani, creando in Italia, a differenza di altri Paesi europei, uno squilibrio in tutto il sistema. Le parole del sindacato le pronuncia il sottosegretario Rosa Rinaldi, quando dice che i contratti a progetto nei call centers sono inammissibili e cita le tre ghinee di Virginia Woolf per ricordare che senza un salario sufficiente non c&#8217;\u00e8 dignit\u00e0 possibile, e che il lavoro precario e a tempo parziale questa dignit\u00e0 non la offrono, e quando infine osserva che la flessibilit\u00e0 buona si distingue facilmente da quella cattiva dal fatto che la prima \u00e8 volontaria, la seconda imposta.<br \/>\nAd un certo punto, per\u00f2, Floris pronuncia una frase: &#8220;la precariet\u00e0 affievolisce anche i diritti sindacali&#8221;, in risposta una lavoratrice grida &#8220;che non abbiamo!&#8221;, ed un applauso corale segnala &#8211; indirettamente &#8211; che di un soggetto davvero capace di rappresentare questo mondo del lavoro ci sarebbe un gran bisogno.<br \/>\n<em>(Paola Pierantoni)<\/em><\/p>\n","protected":false},"excerpt":{"rendered":"<p>A conclusione dell&#8217;incontro tra il presidente della Regione e i &#8220;suoi&#8221; precari nella sala del Maggior Consiglio a Palazzo Ducale, l&#8217;ultima parola viene data a Giovanni Floris. &#8220;Come giornalista, dice il conduttore di Ballar\u00f2, oggi la cosa che mi salta agli occhi \u00e8 che questa situazione non \u00e8 stata strappata alla politica: \u00e8 la politica [&hellip;]<\/p>\n","protected":false},"author":1,"featured_media":0,"comment_status":"closed","ping_status":"closed","sticky":false,"template":"","format":"standard","meta":{"footnotes":""},"categories":[136,8],"tags":[],"class_list":["post-1075","post","type-post","status-publish","format-standard","hentry","category-136","category-lavoro"],"_links":{"self":[{"href":"https:\/\/www.olinews.it\/mt\/index.php?rest_route=\/wp\/v2\/posts\/1075","targetHints":{"allow":["GET"]}}],"collection":[{"href":"https:\/\/www.olinews.it\/mt\/index.php?rest_route=\/wp\/v2\/posts"}],"about":[{"href":"https:\/\/www.olinews.it\/mt\/index.php?rest_route=\/wp\/v2\/types\/post"}],"author":[{"embeddable":true,"href":"https:\/\/www.olinews.it\/mt\/index.php?rest_route=\/wp\/v2\/users\/1"}],"replies":[{"embeddable":true,"href":"https:\/\/www.olinews.it\/mt\/index.php?rest_route=%2Fwp%2Fv2%2Fcomments&post=1075"}],"version-history":[{"count":0,"href":"https:\/\/www.olinews.it\/mt\/index.php?rest_route=\/wp\/v2\/posts\/1075\/revisions"}],"wp:attachment":[{"href":"https:\/\/www.olinews.it\/mt\/index.php?rest_route=%2Fwp%2Fv2%2Fmedia&parent=1075"}],"wp:term":[{"taxonomy":"category","embeddable":true,"href":"https:\/\/www.olinews.it\/mt\/index.php?rest_route=%2Fwp%2Fv2%2Fcategories&post=1075"},{"taxonomy":"post_tag","embeddable":true,"href":"https:\/\/www.olinews.it\/mt\/index.php?rest_route=%2Fwp%2Fv2%2Ftags&post=1075"}],"curies":[{"name":"wp","href":"https:\/\/api.w.org\/{rel}","templated":true}]}}