{"id":1080,"date":"2007-02-21T13:28:41","date_gmt":"2007-02-21T13:28:41","guid":{"rendered":"http:\/\/www.comevedonoidaltonici.com\/wordpress\/?p=1080"},"modified":"2007-02-21T13:28:41","modified_gmt":"2007-02-21T13:28:41","slug":"kyoto-chi-ha-un-bel-calendario-la-cattiva-coscienza","status":"publish","type":"post","link":"https:\/\/www.olinews.it\/mt\/?p=1080","title":{"rendered":"<em>Kyoto, chi?<\/em> &#8211; Ha un bel calendario la cattiva coscienza"},"content":{"rendered":"<p>Dieci anni fa, a Kyoto, l&#8217;accordo sui gas serra: ridurre le emissioni nocive. L&#8217;Italia in quella occasione chiese impegni persino pi\u00f9 gravi di quelli alla fine concordati. Non i primi della classe ma quasi. Oggi, a due anni dall&#8217;entrata in vigore dell&#8217;accordo, l&#8217;Italia, impegnata a ridurre le sue emissioni di gas serra del 6,5% entro il 2012, a tutt&#8217;oggi le ha invece aumentate del 12-13%. Oltre le conseguenze finanziarie per le industrie (pagheranno di pi\u00f9), l&#8217;inquinamento, la salute dei cittadini, i costi dei trasporti, la perdita di giornate di lavoro ecc.<\/p>\n<p><!--more--><br \/>\nMolti gli articoli promemoria su tutti i quotidiani. Repubblica (17 febbraio 2007) d\u00e0 notizia di uno studio del Politecnico di Milano dove si dimostra come gli obiettivi di Kioto siano raggiungibili e facilmente superabili anche solo rendendo efficiente l&#8217;attuale sistema elettrico. Con l&#8217;ulteriore vantaggio di incremento di posti di lavoro, consumi, ricerca ed evitando la costruzione di 14 centrali da 1000 megawatt. Cose gi\u00e0 dette, periodicamente ricordate , oggi, dimostrate.<br \/>\nPer richiamarle con pi\u00f9 forza il 16 febbraio scorso \u00e8 stata celebrata la giornata della luce. Alle 19 l&#8217;Ikea ha spento per 60 secondi le sue luminarie; cos\u00ec anche qualche altro esercizio. A Roma il Colosseo al buio; a Genova Tursi ha spento De Ferrari invitando i cittadini a seguire l&#8217;esempio.<br \/>\nLa giornata della luce ha seguito di poco quella di San Valentino (fidanzati) che a sua volta seguiva la domenica senza calcio (contro la violenza), che a sua volta seguiva la giornata a ricordo degli infoibati, a sua volta seguita al giorno della memoria&#8230; Seguiranno a breve la giornata dell&#8217;acqua, del rifugiato, dei desaparecidos (hanno gi\u00e0 una loro data) e a queste le molte altre a cui \u00e8 stato affidato il compito di risvegliare le coscienze del mondo poco disposte a fare i conti quotidiani con i propri misfatti, passati e recenti.<br \/>\nE&#8217; nato cos\u00ec, anno dopo anno, il calendario della cattiva coscienza che sostituisce ormai quello tradizionale con i giorni dedicati ai santi che avrebbero dovuto migliorarci con l&#8217;esempio edificante della loro vita. Il nuovo calendario, laico, si ispira alle virt\u00f9 civiche, attento alla storia come ai problemi del mondo, dalla fame, al razzismo, alla violenza. Ma senza esagerare: non pi\u00f9 di un giorno all&#8217;anno per argomento.<br \/>\n<em>(Manlio Calegari) <\/em><\/p>\n","protected":false},"excerpt":{"rendered":"<p>Dieci anni fa, a Kyoto, l&#8217;accordo sui gas serra: ridurre le emissioni nocive. L&#8217;Italia in quella occasione chiese impegni persino pi\u00f9 gravi di quelli alla fine concordati. Non i primi della classe ma quasi. Oggi, a due anni dall&#8217;entrata in vigore dell&#8217;accordo, l&#8217;Italia, impegnata a ridurre le sue emissioni di gas serra del 6,5% entro [&hellip;]<\/p>\n","protected":false},"author":1,"featured_media":0,"comment_status":"closed","ping_status":"closed","sticky":false,"template":"","format":"standard","meta":{"footnotes":""},"categories":[137,22],"tags":[],"class_list":["post-1080","post","type-post","status-publish","format-standard","hentry","category-137","category-ambiente"],"_links":{"self":[{"href":"https:\/\/www.olinews.it\/mt\/index.php?rest_route=\/wp\/v2\/posts\/1080","targetHints":{"allow":["GET"]}}],"collection":[{"href":"https:\/\/www.olinews.it\/mt\/index.php?rest_route=\/wp\/v2\/posts"}],"about":[{"href":"https:\/\/www.olinews.it\/mt\/index.php?rest_route=\/wp\/v2\/types\/post"}],"author":[{"embeddable":true,"href":"https:\/\/www.olinews.it\/mt\/index.php?rest_route=\/wp\/v2\/users\/1"}],"replies":[{"embeddable":true,"href":"https:\/\/www.olinews.it\/mt\/index.php?rest_route=%2Fwp%2Fv2%2Fcomments&post=1080"}],"version-history":[{"count":0,"href":"https:\/\/www.olinews.it\/mt\/index.php?rest_route=\/wp\/v2\/posts\/1080\/revisions"}],"wp:attachment":[{"href":"https:\/\/www.olinews.it\/mt\/index.php?rest_route=%2Fwp%2Fv2%2Fmedia&parent=1080"}],"wp:term":[{"taxonomy":"category","embeddable":true,"href":"https:\/\/www.olinews.it\/mt\/index.php?rest_route=%2Fwp%2Fv2%2Fcategories&post=1080"},{"taxonomy":"post_tag","embeddable":true,"href":"https:\/\/www.olinews.it\/mt\/index.php?rest_route=%2Fwp%2Fv2%2Ftags&post=1080"}],"curies":[{"name":"wp","href":"https:\/\/api.w.org\/{rel}","templated":true}]}}