{"id":1082,"date":"2007-02-21T13:33:54","date_gmt":"2007-02-21T13:33:54","guid":{"rendered":"http:\/\/www.comevedonoidaltonici.com\/wordpress\/?p=1082"},"modified":"2007-02-21T13:33:54","modified_gmt":"2007-02-21T13:33:54","slug":"acciaierie-quante-nuvole-sul-futuro-degli-operai-in-affido","status":"publish","type":"post","link":"https:\/\/www.olinews.it\/mt\/?p=1082","title":{"rendered":"<em>Acciaierie <\/em>&#8211; Quante nuvole sul futuro degli operai in affido"},"content":{"rendered":"<p>E&#8217; un San Valentino quello che ci propongono i giornali sulla questione Cornigliano.<br \/>\nSiamo al 14 febbraio, festa degli innamorati, e su <em>Repubblica-Il Lavoro<\/em> e <em>Corriere Mercantile<\/em> appare la cronaca della giornata precedente in cui Burlando, Pericu, il presidente di circoscrizione Bernini e Grondona della Fiom hanno inaugurato l&#8217;Infopoint del quartiere per i progetti delle aree siderurgiche restituite alla citt\u00e0.<\/p>\n<p><!--more--><br \/>\nE&#8217; un San Valentino perch\u00e9 &#8220;ospite a sorpresa&#8221; arriva Emilio Riva &#8211; con il figlio Daniele &#8211; per porgere parole di pace: &#8220;Riconosco che nel centro di Genova un altoforno e una cokeria, in questo momento non possono esistere. Scusate se qualche volta, anzi molte volte, abbiamo avuto degli scontri. Ma la mia intenzione era mantenere un posto di lavoro a chi lavorava qua&#8221;.<br \/>\nSi accenna a una &#8220;ritrovata armonia&#8221;, al fatto che Emilio ha sempre avuto come fine il bene dei suoi lavoratori, 26.000 ad oggi per tutto il gruppo, spinto dal desiderio di occuparsi di loro.<br \/>\n<em>Repubblica &#8211; Il Lavoro<\/em> del 17 febbraio, offre la cronaca di un altro incontro tra Riva, Pericu e Burlando, per prendere visione dei progetti in mano alla propriet\u00e0, a fare un giro nel cantiere acciaierie. Sulla stampa locale non ha rilievo la recente condanna in primo grado per violazione di norme antinquinamento riguardante il gruppo siderurgico a Taranto. (www.lanuovaecologia.it).<br \/>\nA questo punto, tra istituzioni e propriet\u00e0, se proprio di un matrimonio non si pu\u00f2 ancora parlare, certo si ha la sensazione di avere a che fare con un Dico. Ma i due soggetti si conoscono davvero? Questi vent&#8217;anni di convivenza cosa hanno prodotto? Hanno prodotto un accordo nel quale &#8211; a fronte della chiusura dell&#8217;altoforno e di aree e banchine ai Riva &#8211; viene stabilito che i 650 dipendenti in cassa integrazione per il rifacimento degli impianti a freddo, torneranno stabilmente a lavorare a Cornigliano, a partire dall&#8217;agosto 2008. Emilio Riva conferma che comincer\u00e0 a &#8220;riassorbirli&#8221; e che gli impianti rimessi a nuovo &#8220;saranno anche belli da vedere&#8221;.<br \/>\nMa a che punto \u00e8 il progetto? Perch\u00e9 Riva e Sindacati si sono incontrati in Confindustria per fare il punto della situazione nei primi giorni di febbraio? Chi ha vigilato sul trasferimento di gran parte degli uffici a Milano? La scuola siderurgica &#8211; che verr\u00e0 inaugurata a marzo dal ministro del Lavoro Damiano &#8211; quanti impiegati potr\u00e0 riassorbire? Ai timori di ricollocazione per gli impiegati, Riva ha risposto: &#8220;una soluzione comunque la troveremo, ci siamo presi degli impegni e li manteniamo&#8221;. Tuttavia perch\u00e9 le voci di una &#8220;stagnazione&#8221; nel rifacimento degli impianti si fanno sempre pi\u00f9 insistenti?<br \/>\nLa siderurgia \u00e8 un&#8217;industria ciclica che tende al ribasso, ossia il valore della produzione \u00e8 nella riduzione del costo del prodotto finale. E&#8217; un fatto che l&#8217;incidenza della manodopera in Europa \u00e8 mediamente superiore di circa 5-6 volte il valore riscontrabile nei paesi emergenti quali Brasile, India, Russia e soprattutto Cina. E&#8217; preoccupante infatti constatare che nonostante i costi di trasporto elevati questa differenza \u00e8 sufficiente a compensare i viaggi transcontinentali garantendo un vantaggio concorrenziale agli importatori. A Genova \u00e8 previsto un potenziamento di 470.000 tonn. anno alla massima velocit\u00e0 di produzione, che \u00e8 un po&#8217; come dire che un&#8217;auto che fa i 200 km\/ora potrebbe arrivare a Milano in 45&#8242;, non ci sono mai le condizioni ideali, ed in ogni caso il dato appare molto lontano dai 4.000.000 di tonn. esposti da Riva.<br \/>\nA questo punto \u00e8 lecito chiedersi se le istituzioni abbiano esperti di settore in grado di valutare realisticamente quanto Riva sta progettando per il futuro dell&#8217;Ilva e dei suoi 650 dipendenti dati in affido agli enti locali.<br \/>\n<em>(Giulia Parodi)<\/em><\/p>\n","protected":false},"excerpt":{"rendered":"<p>E&#8217; un San Valentino quello che ci propongono i giornali sulla questione Cornigliano. Siamo al 14 febbraio, festa degli innamorati, e su Repubblica-Il Lavoro e Corriere Mercantile appare la cronaca della giornata precedente in cui Burlando, Pericu, il presidente di circoscrizione Bernini e Grondona della Fiom hanno inaugurato l&#8217;Infopoint del quartiere per i progetti delle [&hellip;]<\/p>\n","protected":false},"author":1,"featured_media":0,"comment_status":"closed","ping_status":"closed","sticky":false,"template":"","format":"standard","meta":{"footnotes":""},"categories":[137,8],"tags":[],"class_list":["post-1082","post","type-post","status-publish","format-standard","hentry","category-137","category-lavoro"],"_links":{"self":[{"href":"https:\/\/www.olinews.it\/mt\/index.php?rest_route=\/wp\/v2\/posts\/1082","targetHints":{"allow":["GET"]}}],"collection":[{"href":"https:\/\/www.olinews.it\/mt\/index.php?rest_route=\/wp\/v2\/posts"}],"about":[{"href":"https:\/\/www.olinews.it\/mt\/index.php?rest_route=\/wp\/v2\/types\/post"}],"author":[{"embeddable":true,"href":"https:\/\/www.olinews.it\/mt\/index.php?rest_route=\/wp\/v2\/users\/1"}],"replies":[{"embeddable":true,"href":"https:\/\/www.olinews.it\/mt\/index.php?rest_route=%2Fwp%2Fv2%2Fcomments&post=1082"}],"version-history":[{"count":0,"href":"https:\/\/www.olinews.it\/mt\/index.php?rest_route=\/wp\/v2\/posts\/1082\/revisions"}],"wp:attachment":[{"href":"https:\/\/www.olinews.it\/mt\/index.php?rest_route=%2Fwp%2Fv2%2Fmedia&parent=1082"}],"wp:term":[{"taxonomy":"category","embeddable":true,"href":"https:\/\/www.olinews.it\/mt\/index.php?rest_route=%2Fwp%2Fv2%2Fcategories&post=1082"},{"taxonomy":"post_tag","embeddable":true,"href":"https:\/\/www.olinews.it\/mt\/index.php?rest_route=%2Fwp%2Fv2%2Ftags&post=1082"}],"curies":[{"name":"wp","href":"https:\/\/api.w.org\/{rel}","templated":true}]}}