{"id":1084,"date":"2007-02-21T13:41:12","date_gmt":"2007-02-21T13:41:12","guid":{"rendered":"http:\/\/www.comevedonoidaltonici.com\/wordpress\/?p=1084"},"modified":"2007-02-21T13:41:12","modified_gmt":"2007-02-21T13:41:12","slug":"pericu-addio1-la-vittoria-sotterranea-dellauto-sul-bus","status":"publish","type":"post","link":"https:\/\/www.olinews.it\/mt\/?p=1084","title":{"rendered":"<em>Pericu addio\/1<\/em> &#8211; La vittoria sotterranea dell&#8217;auto sul bus"},"content":{"rendered":"<p><img loading=\"lazy\" decoding=\"async\" src=\"http:\/\/www.olinews.it\/mt\/images\/cittas.jpg\" alt=\"\" height=\"150\" width=\"150\" align=\"left\" hspace=\"5\">Chiss\u00e0 se i genovesi si aspettavano qualche parola di pi\u00f9 dal sindaco e dagli amministratori di centro sinistra che li hanno amministrati durante gli scorsi 10 anni. Dieci anni, circa un terzo della vita produttiva di un individuo, liquidati con un paio di autocelebrazioni al Ducale e, di recente, con altrettante rimpatriate con lacrimuccia. Col risultato che nella campagna delle primarie si son sentite parole (meglio: allusioni) come continuit\u00e0 e discontinuit\u00e0 e tutti a chiedersi a chi o a cosa alludessero. Eppure l&#8217;occasione era buona &#8211; una roba del tipo &#8220;10 anni con noi&#8221; &#8211; e poteva avere anche una certa utilit\u00e0 per quelli che dovranno succedere agli attuali amministratori.<\/p>\n<p><!--more--><br \/>\nPerch\u00e9 le cose non sono cos\u00ec chiare come forse si vuol far intendere e a sentire certe battute dello stesso sindaco viene da pensare che anche lui la pensa cos\u00ec. Prendete ad esempio quanto ha scritto <em>Repubblica <\/em>il 13 febbraio scorso a proposito della inaugurazione &#8211; la stessa di gi\u00e0 fatta 10 anni prima &#8211; del &#8220;30&#8221; inteso come filobus. &#8220;Scelta ecologica di cui siamo orgogliosi e che va incrementata&#8221; commenta Pericu, presente alla festa. Merella, il noto assessore alla mobilit\u00e0 butta acqua sul fuoco: vedremo, vedremo &#8211; dice &#8211; se la vedranno i nostri successori&#8230; Insomma: non montiamoci la testa.<br \/>\nE le strisce gialle? Pericu \u00e8 netto: &#8220;ci vuole una politica che privilegi il trasporto pubblico&#8221; e dichiara il suo sostegno all&#8217;incremento delle corsie preferenziali per i bus. E Merella? Lui corregge: bisogna andare avanti con cautela, spiega. Ma come, interviene l&#8217;amministratore di Amt, dopo due anni di cautela non sarebbe venuta l&#8217;ora di realizzare gli 11 e passa km di corsie preferenziali contro i 2,5 attuali? Cautela, cautela, ripete Merella.<br \/>\nQuesta la scenetta raccontata dalla cronaca. E ora la domanda: cosa si \u00e8 fatto in 10 anni per dare campo al trasporto pubblico rispetto al trasporto privato? E con quale squadra ha giocato l&#8217;assessore alla mobilit\u00e0 urbana, voluto fortemente da Pericu nella sua giunta, che ha dichiarato essere il suo principale motivo di vanto cessare il suo mandato avendo dato alla citt\u00e0 10 mila posti macchina? S\u00ec, avete capito bene. Non 20 km di corsie gialle, non un servizio pubblico decente, non una citt\u00e0 alleggerita dallo smog. No, niente di tutto questo. Invece 10 mila posti macchina in centro. E Pericu? Non era lui il sindaco?<br \/>\n<em>(Manlio Calegari)<\/em><\/p>\n","protected":false},"excerpt":{"rendered":"<p>Chiss\u00e0 se i genovesi si aspettavano qualche parola di pi\u00f9 dal sindaco e dagli amministratori di centro sinistra che li hanno amministrati durante gli scorsi 10 anni. Dieci anni, circa un terzo della vita produttiva di un individuo, liquidati con un paio di autocelebrazioni al Ducale e, di recente, con altrettante rimpatriate con lacrimuccia. Col [&hellip;]<\/p>\n","protected":false},"author":1,"featured_media":0,"comment_status":"closed","ping_status":"closed","sticky":false,"template":"","format":"standard","meta":{"footnotes":""},"categories":[137,20],"tags":[],"class_list":["post-1084","post","type-post","status-publish","format-standard","hentry","category-137","category-citta"],"_links":{"self":[{"href":"https:\/\/www.olinews.it\/mt\/index.php?rest_route=\/wp\/v2\/posts\/1084","targetHints":{"allow":["GET"]}}],"collection":[{"href":"https:\/\/www.olinews.it\/mt\/index.php?rest_route=\/wp\/v2\/posts"}],"about":[{"href":"https:\/\/www.olinews.it\/mt\/index.php?rest_route=\/wp\/v2\/types\/post"}],"author":[{"embeddable":true,"href":"https:\/\/www.olinews.it\/mt\/index.php?rest_route=\/wp\/v2\/users\/1"}],"replies":[{"embeddable":true,"href":"https:\/\/www.olinews.it\/mt\/index.php?rest_route=%2Fwp%2Fv2%2Fcomments&post=1084"}],"version-history":[{"count":0,"href":"https:\/\/www.olinews.it\/mt\/index.php?rest_route=\/wp\/v2\/posts\/1084\/revisions"}],"wp:attachment":[{"href":"https:\/\/www.olinews.it\/mt\/index.php?rest_route=%2Fwp%2Fv2%2Fmedia&parent=1084"}],"wp:term":[{"taxonomy":"category","embeddable":true,"href":"https:\/\/www.olinews.it\/mt\/index.php?rest_route=%2Fwp%2Fv2%2Fcategories&post=1084"},{"taxonomy":"post_tag","embeddable":true,"href":"https:\/\/www.olinews.it\/mt\/index.php?rest_route=%2Fwp%2Fv2%2Ftags&post=1084"}],"curies":[{"name":"wp","href":"https:\/\/api.w.org\/{rel}","templated":true}]}}