{"id":1088,"date":"2007-02-28T18:22:55","date_gmt":"2007-02-28T18:22:55","guid":{"rendered":"http:\/\/www.comevedonoidaltonici.com\/wordpress\/?p=1088"},"modified":"2007-02-28T18:22:55","modified_gmt":"2007-02-28T18:22:55","slug":"teatro-linsostenibile-sofferenza-della-verita-di-yuri","status":"publish","type":"post","link":"https:\/\/www.olinews.it\/mt\/?p=1088","title":{"rendered":"<em>Teatro <\/em>&#8211; L&#8217;insostenibile sofferenza della verit\u00e0 di Yuri"},"content":{"rendered":"<p>&#8220;Di qui si va via tutti insieme.&#8221; L&#8217;umanit\u00e0 non \u00e8 divisa tra beati e dannati nel dopo morte pensato da Petruzzelli e Calandri per il loro splendido apologo sui crimini che i medici nazisti hanno compiuto sui bambini cavie nei lager.<br \/>\nNell&#8217;aldil\u00e0 di &#8220;L&#8217;olocausto di Yuri&#8221; presentato lo scorso 20 febbraio al Teatro Duse, c&#8217;\u00e8 solo un&#8217;immensa folla che cammina in continuazione. Ognuno apparentemente cerca gli altri: i figli uccisi, la moglie, il carnefice, ma quello che davvero importa nell&#8217;incontro con l&#8217;altro sono i frammenti di s\u00e9 che ne vengono riflessi e restituiti, e che lentamente ricompongono la verit\u00e0 di ciascuno. Si potr\u00e0 andare via solo dopo che tutti avranno capito, solo dopo che per ogni singolo si sia compiuto il percorso della consapevolezza di s\u00e9, della parte di colpa che ciascuno ha anche nelle tragedie di cui \u00e8 stato vittima.<br \/>\nNessuno potr\u00e0 andarsene finch\u00e9 anche l&#8217;ultimo non sia uscito dal circolo della ripetizione dei gesti che continua a compiere in attesa del coraggio di affrontare l&#8217;insostenibile sofferenza della verit\u00e0.<br \/>\n<em>(Paola Pierantoni)<\/em><\/p>\n","protected":false},"excerpt":{"rendered":"<p>&#8220;Di qui si va via tutti insieme.&#8221; L&#8217;umanit\u00e0 non \u00e8 divisa tra beati e dannati nel dopo morte pensato da Petruzzelli e Calandri per il loro splendido apologo sui crimini che i medici nazisti hanno compiuto sui bambini cavie nei lager. Nell&#8217;aldil\u00e0 di &#8220;L&#8217;olocausto di Yuri&#8221; presentato lo scorso 20 febbraio al Teatro Duse, c&#8217;\u00e8 [&hellip;]<\/p>\n","protected":false},"author":1,"featured_media":0,"comment_status":"closed","ping_status":"closed","sticky":false,"template":"","format":"standard","meta":{"footnotes":""},"categories":[138,16],"tags":[],"class_list":["post-1088","post","type-post","status-publish","format-standard","hentry","category-138","category-cultura"],"_links":{"self":[{"href":"https:\/\/www.olinews.it\/mt\/index.php?rest_route=\/wp\/v2\/posts\/1088","targetHints":{"allow":["GET"]}}],"collection":[{"href":"https:\/\/www.olinews.it\/mt\/index.php?rest_route=\/wp\/v2\/posts"}],"about":[{"href":"https:\/\/www.olinews.it\/mt\/index.php?rest_route=\/wp\/v2\/types\/post"}],"author":[{"embeddable":true,"href":"https:\/\/www.olinews.it\/mt\/index.php?rest_route=\/wp\/v2\/users\/1"}],"replies":[{"embeddable":true,"href":"https:\/\/www.olinews.it\/mt\/index.php?rest_route=%2Fwp%2Fv2%2Fcomments&post=1088"}],"version-history":[{"count":0,"href":"https:\/\/www.olinews.it\/mt\/index.php?rest_route=\/wp\/v2\/posts\/1088\/revisions"}],"wp:attachment":[{"href":"https:\/\/www.olinews.it\/mt\/index.php?rest_route=%2Fwp%2Fv2%2Fmedia&parent=1088"}],"wp:term":[{"taxonomy":"category","embeddable":true,"href":"https:\/\/www.olinews.it\/mt\/index.php?rest_route=%2Fwp%2Fv2%2Fcategories&post=1088"},{"taxonomy":"post_tag","embeddable":true,"href":"https:\/\/www.olinews.it\/mt\/index.php?rest_route=%2Fwp%2Fv2%2Ftags&post=1088"}],"curies":[{"name":"wp","href":"https:\/\/api.w.org\/{rel}","templated":true}]}}