{"id":1090,"date":"2007-02-28T18:27:22","date_gmt":"2007-02-28T18:27:22","guid":{"rendered":"http:\/\/www.comevedonoidaltonici.com\/wordpress\/?p=1090"},"modified":"2007-02-28T18:27:22","modified_gmt":"2007-02-28T18:27:22","slug":"a-volte-ritornano-come-aprire-il-palazzo-ai-vecchi-fantasmi","status":"publish","type":"post","link":"https:\/\/www.olinews.it\/mt\/?p=1090","title":{"rendered":"<em>A volte ritornano <\/em>&#8211; Come aprire il palazzo ai vecchi fantasmi"},"content":{"rendered":"<p>Chi non ha del tutto rimosso l&#8217;abitudine un po&#8217; masochista all&#8217;autocritica, pu\u00f2 aver avuto un momento di dubbio: non sar\u00e0 che stavolta hanno qualche ragione anche &#8220;loro&#8221;, quelli che rimproverano al centrosinistra di essere diviso da cento motivi almeno e unito solo dall&#8217;antiberlusconismo? E non \u00e8 forse un limite pesante, segno di debolezza, l&#8217;estrema personalizzazione della lotta politica, ossia la &#8220;demonizzazione&#8221; dell&#8217;avversario, tipica arma degli arruffapopoli di tutti i tempi? Cos\u00ec ripetevano in coro i berluscones, mercoled\u00ec sera in tv, a Ballar\u00f2, mentre sullo sfondo suonavano a stormo le mille campane del moderatismo mediatico, liberate dalla caduta del governo Prodi in Senato.<\/p>\n<p><!--more--><br \/>\nChe la Quaresima, appena cominciata, porti inevitabilmente con s\u00e9 l&#8217;invocata resurrezione dell&#8217;unto, non \u00e8 scritto da nessuna parte. E&#8217; semmai uno dei possibili rischi dell&#8217;infantilismo, storica malattia da cui non si \u00e8 mai immunizzata la sinistra radicale. Anche se stavolta l&#8217;antidoto c&#8217;\u00e8: ed \u00e8 proprio la paura di riconsegnare il Paese nelle mani del berlusconismo, prospettiva ritenuta devastante da chi mantiene una visione non mercantile della politica. Che non \u00e8 l&#8217;ossessione &#8220;anti&#8221;.<br \/>\nMezza Italia almeno non pu\u00f2 liberarsi con una scrollata di spalle da un passato che fa arrossire, di vergogna e di rabbia: la caduta di prestigio a livello internazionale col macchiettismo ai summit, le pacche all&#8217;amico Bush o all&#8217;amico Putin, esibizioni tali da rinverdire vecchi stereotipi di un&#8217;italianit\u00e0 alla Sordi; poi le battute da caserma con i ministri nordici, l&#8217;aggressione all&#8217;eurodeputato tedesco definito &#8220;kapo&#8221; (scenata indecente censurata per servilismo da tutti i tg); ma soprattutto non si pu\u00f2 dimenticare quanto avvenuta in casa nostra: la distruzione sistematica dello stato di diritto, dei valori comuni, con le leggi ad personam per sfuggire all&#8217;incalzare dei processi, i continui attacchi ai magistrati (ora toghe rosse, ora mentecatti), il dispregio verso un&#8217;etica dei comportamenti sconosciuta che non gli ha impedito di stare a capo del governo e in contemporanea del suo impero mediatico, con un conflitto d&#8217;interessi intollerabile nella democrazie occidental i, tanto che un precedente simile si trova solo in Thailandia.<br \/>\nLa domanda, oggi di nuovo attuale, \u00e8 se il rifiuto di un ipotetico ritorno a quel passato sia una difesa, legittima, rispondente al bisogno di ritrovare la &#8220;quotidiana decenza&#8221; necessaria a un paese normale, o sia invece il frutto di un&#8217;avversione preconcetta, personale, a sfondo persecutorio. Prima di rispondere pensarci bene, con pacatezza e senso di responsabilit\u00e0. Tutti, senatori scarlatti compresi.<br \/>\n<em>(Camillo Arcuri)<\/em><\/p>\n","protected":false},"excerpt":{"rendered":"<p>Chi non ha del tutto rimosso l&#8217;abitudine un po&#8217; masochista all&#8217;autocritica, pu\u00f2 aver avuto un momento di dubbio: non sar\u00e0 che stavolta hanno qualche ragione anche &#8220;loro&#8221;, quelli che rimproverano al centrosinistra di essere diviso da cento motivi almeno e unito solo dall&#8217;antiberlusconismo? E non \u00e8 forse un limite pesante, segno di debolezza, l&#8217;estrema personalizzazione [&hellip;]<\/p>\n","protected":false},"author":1,"featured_media":0,"comment_status":"closed","ping_status":"closed","sticky":false,"template":"","format":"standard","meta":{"footnotes":""},"categories":[138],"tags":[],"class_list":["post-1090","post","type-post","status-publish","format-standard","hentry","category-138"],"_links":{"self":[{"href":"https:\/\/www.olinews.it\/mt\/index.php?rest_route=\/wp\/v2\/posts\/1090","targetHints":{"allow":["GET"]}}],"collection":[{"href":"https:\/\/www.olinews.it\/mt\/index.php?rest_route=\/wp\/v2\/posts"}],"about":[{"href":"https:\/\/www.olinews.it\/mt\/index.php?rest_route=\/wp\/v2\/types\/post"}],"author":[{"embeddable":true,"href":"https:\/\/www.olinews.it\/mt\/index.php?rest_route=\/wp\/v2\/users\/1"}],"replies":[{"embeddable":true,"href":"https:\/\/www.olinews.it\/mt\/index.php?rest_route=%2Fwp%2Fv2%2Fcomments&post=1090"}],"version-history":[{"count":0,"href":"https:\/\/www.olinews.it\/mt\/index.php?rest_route=\/wp\/v2\/posts\/1090\/revisions"}],"wp:attachment":[{"href":"https:\/\/www.olinews.it\/mt\/index.php?rest_route=%2Fwp%2Fv2%2Fmedia&parent=1090"}],"wp:term":[{"taxonomy":"category","embeddable":true,"href":"https:\/\/www.olinews.it\/mt\/index.php?rest_route=%2Fwp%2Fv2%2Fcategories&post=1090"},{"taxonomy":"post_tag","embeddable":true,"href":"https:\/\/www.olinews.it\/mt\/index.php?rest_route=%2Fwp%2Fv2%2Ftags&post=1090"}],"curies":[{"name":"wp","href":"https:\/\/api.w.org\/{rel}","templated":true}]}}