{"id":1094,"date":"2007-03-07T11:15:10","date_gmt":"2007-03-07T11:15:10","guid":{"rendered":"http:\/\/www.comevedonoidaltonici.com\/wordpress\/?p=1094"},"modified":"2007-03-07T11:15:10","modified_gmt":"2007-03-07T11:15:10","slug":"passato2-la-pervicacia-del-capo-non-e-una-virtu","status":"publish","type":"post","link":"https:\/\/www.olinews.it\/mt\/?p=1094","title":{"rendered":"<em>Passato\/2<\/em> &#8211; La pervicacia del capo non \u00e8 una virt\u00f9"},"content":{"rendered":"<p>Cofferati, &#8220;il cinese&#8221;, che diventa il Ruini della sinistra, prima perch\u00e9 a Bologna vuole mandare i ragazzi a casa a una cert&#8217;ora della notte e poi perch\u00e9 non condivide gli onori resi a Curcio quale autore librario, \u00e8 indubbiamente una forzatura, ma a suo modo efficace, come certe vignette.<\/p>\n<p><!--more--><br \/>\nAll&#8217;origine delle contestazioni al sindaco di Bologna, c&#8217;\u00e8 indubbiamente la nettezza con cui esprime il suo pensiero, interpretando gran parte del sentire comune che non sempre si pu\u00f2 liquidare come populismo. Esempio: \u00e8 cos\u00ec necessario che le discoteche non aprano prima dell&#8217;una di notte per tirare fin dopo l&#8217;alba, quando una massa di storditi va a cercare l&#8217;ultima emozione col turbo a 150 l&#8217;ora sulle strade? Certi costumi pubblici e privati non sono un contributo allo sballo di una generazione che ha gi\u00e0 fin troppi problemi per inserirsi nel lavoro? E non \u00e8 doveroso mettere dei paletti a chi, in nome del liberismo irresponsabile, specula sulla pelle dei pi\u00f9 deboli?<br \/>\nAnche nel caso Curcio, &#8220;il cinese&#8221; si \u00e8 trovato dall&#8217;altra parte, che non \u00e8 necessariamente quella sbagliata, ma sicuramente lontana da tanti suoi compagni di strada. Che cosa gli rimproverano? Anzitutto di discriminare il fondatore delle Brigate rosse, di non riconoscerlo come cittadino uguale agli altri, nonostante abbia pagato fino in fondo il suo conto con la giustizia e sia tornato un uomo, si fa per dire, libero. Ora, ridurre la questioni in termini cos\u00ec manichei di bene e male, legalit\u00e0 e illegalit\u00e0, \u00e8 troppo semplice per non essere fuorviante. Accettare o non la presenza di Curcio in una sede pubblica, istituzionale, comporta una valutazione di opportunit\u00e0 cui la politica non pu\u00f2 sottrarsi, tanto meno in questi giorni, mentre si scopre con sgomento che il terrorismo interno non \u00e8 mai morto. Nessuno vuole negare a Curcio il diritto di lavorare, scrivere, fare ricerca, fare insomma la sua vita; ma nel momento in cui esce dal privato per comparire sulla scena pubbli ca, non si pu\u00f2 dimenticare che non ha mai rinnegato il suo passato, cio\u00e8 non ha mai avuto la forza di ammettere i tragici errori commessi o ispirati. In questo senso si presenta come un simbolo di coerenza (o di pervicacia); comunque simbolo di un tempo che vorremmo solo dimenticare.<br \/>\n<em>(Camillo Arcuri)<\/em><\/p>\n","protected":false},"excerpt":{"rendered":"<p>Cofferati, &#8220;il cinese&#8221;, che diventa il Ruini della sinistra, prima perch\u00e9 a Bologna vuole mandare i ragazzi a casa a una cert&#8217;ora della notte e poi perch\u00e9 non condivide gli onori resi a Curcio quale autore librario, \u00e8 indubbiamente una forzatura, ma a suo modo efficace, come certe vignette.<\/p>\n","protected":false},"author":1,"featured_media":0,"comment_status":"open","ping_status":"closed","sticky":false,"template":"","format":"standard","meta":{"footnotes":""},"categories":[139],"tags":[],"class_list":["post-1094","post","type-post","status-publish","format-standard","hentry","category-139"],"_links":{"self":[{"href":"https:\/\/www.olinews.it\/mt\/index.php?rest_route=\/wp\/v2\/posts\/1094","targetHints":{"allow":["GET"]}}],"collection":[{"href":"https:\/\/www.olinews.it\/mt\/index.php?rest_route=\/wp\/v2\/posts"}],"about":[{"href":"https:\/\/www.olinews.it\/mt\/index.php?rest_route=\/wp\/v2\/types\/post"}],"author":[{"embeddable":true,"href":"https:\/\/www.olinews.it\/mt\/index.php?rest_route=\/wp\/v2\/users\/1"}],"replies":[{"embeddable":true,"href":"https:\/\/www.olinews.it\/mt\/index.php?rest_route=%2Fwp%2Fv2%2Fcomments&post=1094"}],"version-history":[{"count":0,"href":"https:\/\/www.olinews.it\/mt\/index.php?rest_route=\/wp\/v2\/posts\/1094\/revisions"}],"wp:attachment":[{"href":"https:\/\/www.olinews.it\/mt\/index.php?rest_route=%2Fwp%2Fv2%2Fmedia&parent=1094"}],"wp:term":[{"taxonomy":"category","embeddable":true,"href":"https:\/\/www.olinews.it\/mt\/index.php?rest_route=%2Fwp%2Fv2%2Fcategories&post=1094"},{"taxonomy":"post_tag","embeddable":true,"href":"https:\/\/www.olinews.it\/mt\/index.php?rest_route=%2Fwp%2Fv2%2Ftags&post=1094"}],"curies":[{"name":"wp","href":"https:\/\/api.w.org\/{rel}","templated":true}]}}