{"id":1096,"date":"2007-03-07T11:19:14","date_gmt":"2007-03-07T11:19:14","guid":{"rendered":"http:\/\/www.comevedonoidaltonici.com\/wordpress\/?p=1096"},"modified":"2007-03-07T11:19:14","modified_gmt":"2007-03-07T11:19:14","slug":"cose-da-pera-linvito-a-votare-contro-coscienza","status":"publish","type":"post","link":"https:\/\/www.olinews.it\/mt\/?p=1096","title":{"rendered":"<em>Cose da Pera<\/em> &#8211; L&#8217;invito a votare contro coscienza"},"content":{"rendered":"<p>Tempo fa un giornale ha pubblicato la notizia che l&#8217;ex presidente del Senato Pera ha tuonato contro i suoi in materia di leggi su coppie di fatto e altro di simile, chiedendo loro di votare anche contro coscienza (sic) nel caso fossero chiamati a farlo. Da un personaggio che va predicando da tempo le radici cristiane senza sicuramente aver mai visto una pianta e conoscere le funzioni delle radici, che ha promosso crociate contro chi inquinerebbe la nostra cultura (abbiamo ancora una cultura?), che ha portato il suo bel programma addirittura alla conoscenza del Papa, allo scopo di formarsi una bella cintura di castit\u00e0 preelettorale, c&#8217;era da aspettarsi di tutto.<br \/>\nNon per\u00f2 che osasse mettere in dubbio quello che ogni essere umano ha di pi\u00f9 sacro, tanto che la stessa Chiesa ne ha rispetto (ed \u00e8 tutto dire): la libert\u00e0 di coscienza. Che costui abbia attorno gente tanto pavida da aggregarsi attorno a idee a dir poco strampalate, storicamente fuori squadra, e quest&#8217;ultima a dir poco immorale?<br \/>\n<em>(Giovanni Meriana) <\/em><\/p>\n","protected":false},"excerpt":{"rendered":"<p>Tempo fa un giornale ha pubblicato la notizia che l&#8217;ex presidente del Senato Pera ha tuonato contro i suoi in materia di leggi su coppie di fatto e altro di simile, chiedendo loro di votare anche contro coscienza (sic) nel caso fossero chiamati a farlo. Da un personaggio che va predicando da tempo le radici [&hellip;]<\/p>\n","protected":false},"author":1,"featured_media":0,"comment_status":"open","ping_status":"closed","sticky":false,"template":"","format":"standard","meta":{"footnotes":""},"categories":[139],"tags":[],"class_list":["post-1096","post","type-post","status-publish","format-standard","hentry","category-139"],"_links":{"self":[{"href":"https:\/\/www.olinews.it\/mt\/index.php?rest_route=\/wp\/v2\/posts\/1096","targetHints":{"allow":["GET"]}}],"collection":[{"href":"https:\/\/www.olinews.it\/mt\/index.php?rest_route=\/wp\/v2\/posts"}],"about":[{"href":"https:\/\/www.olinews.it\/mt\/index.php?rest_route=\/wp\/v2\/types\/post"}],"author":[{"embeddable":true,"href":"https:\/\/www.olinews.it\/mt\/index.php?rest_route=\/wp\/v2\/users\/1"}],"replies":[{"embeddable":true,"href":"https:\/\/www.olinews.it\/mt\/index.php?rest_route=%2Fwp%2Fv2%2Fcomments&post=1096"}],"version-history":[{"count":0,"href":"https:\/\/www.olinews.it\/mt\/index.php?rest_route=\/wp\/v2\/posts\/1096\/revisions"}],"wp:attachment":[{"href":"https:\/\/www.olinews.it\/mt\/index.php?rest_route=%2Fwp%2Fv2%2Fmedia&parent=1096"}],"wp:term":[{"taxonomy":"category","embeddable":true,"href":"https:\/\/www.olinews.it\/mt\/index.php?rest_route=%2Fwp%2Fv2%2Fcategories&post=1096"},{"taxonomy":"post_tag","embeddable":true,"href":"https:\/\/www.olinews.it\/mt\/index.php?rest_route=%2Fwp%2Fv2%2Ftags&post=1096"}],"curies":[{"name":"wp","href":"https:\/\/api.w.org\/{rel}","templated":true}]}}