{"id":1098,"date":"2007-03-07T11:22:25","date_gmt":"2007-03-07T11:22:25","guid":{"rendered":"http:\/\/www.comevedonoidaltonici.com\/wordpress\/?p=1098"},"modified":"2007-03-07T11:22:25","modified_gmt":"2007-03-07T11:22:25","slug":"tav-a-rischio2-si-chiama-terzo-valico-ma-si-legge-sesto","status":"publish","type":"post","link":"https:\/\/www.olinews.it\/mt\/?p=1098","title":{"rendered":"<em>TAV a rischio\/2<\/em> &#8211; Si chiama Terzo valico ma si legge Sesto"},"content":{"rendered":"<p>Molti (non solo la solita &#8220;sinistra radicale&#8221;) ricordano che, per l&#8217;esattezza, il Terzo valico dovrebbe chiamarsi Sesto perch\u00e9 ci sono gi\u00e0 cinque valichi ferroviari che attraversano l&#8217;Appennino: quello di S. Giuseppe di Cairo (Savona-Torino), la Voltri-Ovada-Alessandria, le due linee ferroviarie dei Giovi (Genova-Milano) e la Pontremolese (La Spezia-Parma). Il richiamo non sembra un mero puntiglio filologico. Dicono che prima di sobbarcarsi a un&#8217;impresa cos\u00ec costosa (oltre cinque miliardi di euro, tanti quanti quelli che erano necessari per il faraonico ponte sullo Stretto), altre dovrebbero essere le priorit\u00e0.<\/p>\n<p><!--more--><br \/>\nBisognerebbe partire dalla considerazione che i tre porti liguri (Genova, Savona e La Spezia) devono costituire un unico sistema portuale coordinato da un sistema logistico moderno ed efficiente. Questo sistema portuale deve essere collegato al resto del mondo con una estesa rete infrastrutturale, non mediante un unico e pertanto vulnerabile bi nario come il Terzo valico.<br \/>\nDi conseguenza, nel breve e medio periodo, sarebbe prioritario: 1) ammodernare e potenziare le cinque linee di valico esistenti in modo da reggere i previsti incrementi del traffico merci (&#8220;Oggi sulla linea Genova-Ovada ci sono interruzioni perch\u00e9 i locomotori, vetusti, si arrestano sui binari&#8221;, spiega l&#8217;assessore regionale ai Trasporti, Luigi Merlo, <em>Corriere mercantile<\/em>, 2 marzo 2007); 2) sistemare il cosiddetto &#8220;nodo di Genova&#8221; (modernizzazione della rete ferroviaria e autostradale urbana e portuale) con ovvi effetti positivi sul traffico di merci e sulla pi\u00f9 che critica mobilit\u00e0 urbana e extra-urbana.<br \/>\nSecondo il presidente della Regione ed ex ministro dei Trasporti Claudio Burlando, &#8220;il nodo ferroviario \u00e8 un&#8217;opera fondamentale per Genova e consentir\u00e0 tra l&#8217;altro al ponente di avere una vera e propria metropolitana a cielo aperto\u2026 Senza il nodo e senza il completamento del raddoppio della Ventimiglia-Genova, il Terzo Valico non ha senso&#8221; (<em>Corriere mercantile<\/em>, 8 dicembre 2006). Ma pare una voce isolata. Per Stefano Zara, &#8220;il terzo valico \u00e8 indispensabile per dare un futuro a questa citt\u00e0 di macerie economiche&#8221; e per Marta Vincenzi, candidata a sindaco per l&#8217;Ulivo, &#8220;l&#8217;opera \u00e8 fondamentale, siamo in ritardo di 50 anni rispetto al problema dei collegamenti e della logistica&#8221; (<em>la Stampa<\/em>, 3 febbraio 2007).<br \/>\nA poche settimane dalle elezioni amministrative, il centrosinistra appare in ordine sparso su un tema che &#8211; si dice &#8211; sar\u00e0 al centro della campagna elettorale. Forse i nodi saranno sciolti quando il 16 marzo, presente Prodi, la questione del Terzo valico sar\u00e0 posta all&#8217;ordine del giorno del convegno dedicato a &#8220;Gli stati generali della portualit\u00e0 ligure&#8221; che si terr\u00e0 a Palazzo San Giorgio.<br \/>\n<em>(Oscar Itzcovich)<\/em><\/p>\n","protected":false},"excerpt":{"rendered":"<p>Molti (non solo la solita &#8220;sinistra radicale&#8221;) ricordano che, per l&#8217;esattezza, il Terzo valico dovrebbe chiamarsi Sesto perch\u00e9 ci sono gi\u00e0 cinque valichi ferroviari che attraversano l&#8217;Appennino: quello di S. Giuseppe di Cairo (Savona-Torino), la Voltri-Ovada-Alessandria, le due linee ferroviarie dei Giovi (Genova-Milano) e la Pontremolese (La Spezia-Parma). Il richiamo non sembra un mero puntiglio [&hellip;]<\/p>\n","protected":false},"author":1,"featured_media":0,"comment_status":"open","ping_status":"closed","sticky":false,"template":"","format":"standard","meta":{"footnotes":""},"categories":[139,14],"tags":[],"class_list":["post-1098","post","type-post","status-publish","format-standard","hentry","category-139","category-trasporti"],"_links":{"self":[{"href":"https:\/\/www.olinews.it\/mt\/index.php?rest_route=\/wp\/v2\/posts\/1098","targetHints":{"allow":["GET"]}}],"collection":[{"href":"https:\/\/www.olinews.it\/mt\/index.php?rest_route=\/wp\/v2\/posts"}],"about":[{"href":"https:\/\/www.olinews.it\/mt\/index.php?rest_route=\/wp\/v2\/types\/post"}],"author":[{"embeddable":true,"href":"https:\/\/www.olinews.it\/mt\/index.php?rest_route=\/wp\/v2\/users\/1"}],"replies":[{"embeddable":true,"href":"https:\/\/www.olinews.it\/mt\/index.php?rest_route=%2Fwp%2Fv2%2Fcomments&post=1098"}],"version-history":[{"count":0,"href":"https:\/\/www.olinews.it\/mt\/index.php?rest_route=\/wp\/v2\/posts\/1098\/revisions"}],"wp:attachment":[{"href":"https:\/\/www.olinews.it\/mt\/index.php?rest_route=%2Fwp%2Fv2%2Fmedia&parent=1098"}],"wp:term":[{"taxonomy":"category","embeddable":true,"href":"https:\/\/www.olinews.it\/mt\/index.php?rest_route=%2Fwp%2Fv2%2Fcategories&post=1098"},{"taxonomy":"post_tag","embeddable":true,"href":"https:\/\/www.olinews.it\/mt\/index.php?rest_route=%2Fwp%2Fv2%2Ftags&post=1098"}],"curies":[{"name":"wp","href":"https:\/\/api.w.org\/{rel}","templated":true}]}}