{"id":1101,"date":"2007-03-07T11:32:38","date_gmt":"2007-03-07T11:32:38","guid":{"rendered":"http:\/\/www.comevedonoidaltonici.com\/wordpress\/?p=1101"},"modified":"2007-03-07T11:32:38","modified_gmt":"2007-03-07T11:32:38","slug":"8-marzo-funzionario-e-gentiluomo-ma-quanto-retro","status":"publish","type":"post","link":"https:\/\/www.olinews.it\/mt\/?p=1101","title":{"rendered":"<em>8 marzo<\/em> &#8211; Funzionario e gentiluomo, ma quanto retr\u00f2"},"content":{"rendered":"<p>Col vento di revisionismo storico che tira, non stupisce pi\u00f9 di tanto che anche il Tg3 regionale tradisca segni di adeguamento, pi\u00f9 meno consapevole. Eloquente al riguardo \u00e8 il servizio mandato in onda luned\u00ec 5, a tre giorni dall&#8217;8 marzo, per sapere dalla &#8220;gente&#8221;, non solo di strada, se abbia ancora un senso, oggi, al punto in cui siamo, la festa della donna. Tra breve sar\u00e0 posta analoga domanda per il 25 aprile e per 1\u00b0 maggio, date ormai venute a noia a molti cosiddetti rinnovatori; ma in attesa di ulteriori esperimenti di epurazione del calendario, per ora \u00e8 toccato alle donne, come spesso capita, di far da cavie.<\/p>\n<p><!--more--><br \/>\nNon c&#8217;\u00e8 bisogno di essere femministi per rilevare anzitutto l&#8217;incongruenza profonda della domanda posta davanti al microfono e per solidarizzare con gran parte delle signore intervistate, le quali hanno confermato come abbia tuttora un significato e una sua importanza ricordare l&#8217;8 marzo. Seppur da genovesi, parche anche di parole, non sono state l\u00ec a farla lunga, ma era chiaro che alludevano alla discriminazione sempre attuale verso le donne, alla violenza brutale (Liguria ai primi posti in questa classifica disgustosa) e quella sottile di cui continuano a essere vittime, per non parlare della situazione che fa soffrire non pochi giovani (donne e uomini), impedendo loro di formarsi una famiglia, di avere figli, stante la mancanza di sicurezza, di una prospettiva di lavoro.<br \/>\nLa sorpresa \u00e8 venuta invece quando l&#8217;intervistatrice ha posto la fatidica domanda al prefetto. Forse stressato dalle fatiche di qualche estenuante vertice, il rappresentante del governo se ne \u00e8 uscito con frasi da salotto d&#8217;altri tempi: tipo &#8220;discriminatoria \u00e8 la festa, l&#8217;equiparazione \u00e8 nei fatti&#8221;, sottinteso: che cosa vogliono ancora le donne, hanno gi\u00e0 conquistato tutto, parit\u00e0 di diritti e via elencando. Chiacchiere retr\u00f2 da Caff\u00e8 Mangini. Ma a sua scusante c&#8217;\u00e8 perfino chi pensa che abbia peccato solo di condiscendenza: cio\u00e8 che per fare a tutti i costi il gentiluomo, non abbia voluto deludere l&#8217;interlocutrice, smentendo il senso ideologico della domanda rivoltagli. In tal caso, pu\u00f2 ritenersi soddisfatto.<br \/>\n<em>(Camillo Arcuri)<\/em><\/p>\n","protected":false},"excerpt":{"rendered":"<p>Col vento di revisionismo storico che tira, non stupisce pi\u00f9 di tanto che anche il Tg3 regionale tradisca segni di adeguamento, pi\u00f9 meno consapevole. Eloquente al riguardo \u00e8 il servizio mandato in onda luned\u00ec 5, a tre giorni dall&#8217;8 marzo, per sapere dalla &#8220;gente&#8221;, non solo di strada, se abbia ancora un senso, oggi, al [&hellip;]<\/p>\n","protected":false},"author":1,"featured_media":0,"comment_status":"open","ping_status":"closed","sticky":false,"template":"","format":"standard","meta":{"footnotes":""},"categories":[139],"tags":[],"class_list":["post-1101","post","type-post","status-publish","format-standard","hentry","category-139"],"_links":{"self":[{"href":"https:\/\/www.olinews.it\/mt\/index.php?rest_route=\/wp\/v2\/posts\/1101","targetHints":{"allow":["GET"]}}],"collection":[{"href":"https:\/\/www.olinews.it\/mt\/index.php?rest_route=\/wp\/v2\/posts"}],"about":[{"href":"https:\/\/www.olinews.it\/mt\/index.php?rest_route=\/wp\/v2\/types\/post"}],"author":[{"embeddable":true,"href":"https:\/\/www.olinews.it\/mt\/index.php?rest_route=\/wp\/v2\/users\/1"}],"replies":[{"embeddable":true,"href":"https:\/\/www.olinews.it\/mt\/index.php?rest_route=%2Fwp%2Fv2%2Fcomments&post=1101"}],"version-history":[{"count":0,"href":"https:\/\/www.olinews.it\/mt\/index.php?rest_route=\/wp\/v2\/posts\/1101\/revisions"}],"wp:attachment":[{"href":"https:\/\/www.olinews.it\/mt\/index.php?rest_route=%2Fwp%2Fv2%2Fmedia&parent=1101"}],"wp:term":[{"taxonomy":"category","embeddable":true,"href":"https:\/\/www.olinews.it\/mt\/index.php?rest_route=%2Fwp%2Fv2%2Fcategories&post=1101"},{"taxonomy":"post_tag","embeddable":true,"href":"https:\/\/www.olinews.it\/mt\/index.php?rest_route=%2Fwp%2Fv2%2Ftags&post=1101"}],"curies":[{"name":"wp","href":"https:\/\/api.w.org\/{rel}","templated":true}]}}