{"id":1105,"date":"2007-03-14T09:32:13","date_gmt":"2007-03-14T09:32:13","guid":{"rendered":"http:\/\/www.comevedonoidaltonici.com\/wordpress\/?p=1105"},"modified":"2007-03-14T09:32:13","modified_gmt":"2007-03-14T09:32:13","slug":"amministrative1-erzelli-per-cominciare-a-parlare-di-cemento","status":"publish","type":"post","link":"https:\/\/www.olinews.it\/mt\/?p=1105","title":{"rendered":"<em>Amministrative\/1<\/em> &#8211; Erzelli, per cominciare a parlare di cemento"},"content":{"rendered":"<p>Fino alla settimana scorsa la campagna elettorale ha vissuto sui sorrisi dei candidati e su alcuni modesti confronti tra loro. Ai margini, ma non troppo, i clan: professionali, politici, territoriali e buon ultimo quello accomunato dal mezzo di trasporto. Si tratta dei motociclisti che, acquisito di fatto il diritto a circolare oltre la doppia striscia centrale, vogliono conquistare, de iure, quello di utilizzare le corsie gialle: hanno dichiarato che voteranno per il candidato sindaco che gliele riserver\u00e0!<\/p>\n<p><!--more--><br \/>\nCos\u00ec fino alla settimana scorsa quando grazie a un opinionista &#8220;rompiscatole&#8221;, a un magistrato e a un vecchio prete \u00e8 arrivato dai quotidiani l&#8217;invito ai politici a confrontarsi sulle questioni serie.<br \/>\nHa cominciato Pierfranco Pellizzetti sul <em>Secolo XIX<\/em> del 4 marzo &#8217;07 in previsione della delibera del Consiglio Comunale (approvata il 6 e sui quotidiani del 7 marzo) a favore dell&#8217;accordo di programma per la creazione del &#8220;parco tecnologico&#8221; agli Erzelli. Ci andr\u00e0 la facolt\u00e0 di Ingegneria e Carlo Castellano, presidente di &#8220;Genova High Tech spa&#8221;, la societ\u00e0 proponente e realizzatrice del progetto, ha dichiarato che gi\u00e0 70 aziende premono per potersi insediare nel &#8220;parco&#8221;. &#8220;Ha vinto il futuro&#8221; ha dichiarato (<em>Secolo XIX<\/em> 7 marzo). Pellizzetti per\u00f2 ha fatto garbatamente notare che i distretti tecnologici a cui il parco vorrebbe ispirarsi sono una cosa dove ricerca, universit\u00e0, impresa condividono materiali, spazi, personale e, non meno importanti, momenti di vita comune. Un insieme di cui agli Erzelli non c&#8217;\u00e8 traccia. Mentre c&#8217;\u00e8 traccia e profonda di una quota residenziale &#8211; 25% dell&#8217;edificato &#8211; per cui si annunciano prezzi da capogiro. Fatto che tra l&#8217;altro ave va convinto Piano a togliere la sua firma dal progetto. La domanda alla fine \u00e8: &#8220;parco tecnologico&#8221; o ennesima operazione immobiliare garantita &#8211; e &#8220;coperta&#8221; &#8211; dal trasferimento di Ingegneria?<br \/>\n<em>(Manlio Calegari)<\/em><\/p>\n","protected":false},"excerpt":{"rendered":"<p>Fino alla settimana scorsa la campagna elettorale ha vissuto sui sorrisi dei candidati e su alcuni modesti confronti tra loro. Ai margini, ma non troppo, i clan: professionali, politici, territoriali e buon ultimo quello accomunato dal mezzo di trasporto. Si tratta dei motociclisti che, acquisito di fatto il diritto a circolare oltre la doppia striscia [&hellip;]<\/p>\n","protected":false},"author":1,"featured_media":0,"comment_status":"open","ping_status":"closed","sticky":false,"template":"","format":"standard","meta":{"footnotes":""},"categories":[140,22,10],"tags":[],"class_list":["post-1105","post","type-post","status-publish","format-standard","hentry","category-140","category-ambiente","category-politica"],"_links":{"self":[{"href":"https:\/\/www.olinews.it\/mt\/index.php?rest_route=\/wp\/v2\/posts\/1105","targetHints":{"allow":["GET"]}}],"collection":[{"href":"https:\/\/www.olinews.it\/mt\/index.php?rest_route=\/wp\/v2\/posts"}],"about":[{"href":"https:\/\/www.olinews.it\/mt\/index.php?rest_route=\/wp\/v2\/types\/post"}],"author":[{"embeddable":true,"href":"https:\/\/www.olinews.it\/mt\/index.php?rest_route=\/wp\/v2\/users\/1"}],"replies":[{"embeddable":true,"href":"https:\/\/www.olinews.it\/mt\/index.php?rest_route=%2Fwp%2Fv2%2Fcomments&post=1105"}],"version-history":[{"count":0,"href":"https:\/\/www.olinews.it\/mt\/index.php?rest_route=\/wp\/v2\/posts\/1105\/revisions"}],"wp:attachment":[{"href":"https:\/\/www.olinews.it\/mt\/index.php?rest_route=%2Fwp%2Fv2%2Fmedia&parent=1105"}],"wp:term":[{"taxonomy":"category","embeddable":true,"href":"https:\/\/www.olinews.it\/mt\/index.php?rest_route=%2Fwp%2Fv2%2Fcategories&post=1105"},{"taxonomy":"post_tag","embeddable":true,"href":"https:\/\/www.olinews.it\/mt\/index.php?rest_route=%2Fwp%2Fv2%2Ftags&post=1105"}],"curies":[{"name":"wp","href":"https:\/\/api.w.org\/{rel}","templated":true}]}}