{"id":1106,"date":"2007-03-14T09:34:38","date_gmt":"2007-03-14T09:34:38","guid":{"rendered":"http:\/\/www.comevedonoidaltonici.com\/wordpress\/?p=1106"},"modified":"2007-03-14T09:34:38","modified_gmt":"2007-03-14T09:34:38","slug":"trovate-un-pensatoio-alla-camera-ci-mancava-proprio","status":"publish","type":"post","link":"https:\/\/www.olinews.it\/mt\/?p=1106","title":{"rendered":"<em>Trovate <\/em>&#8211; Un pensatoio alla Camera ci mancava proprio"},"content":{"rendered":"<p>Dove pensiamo? Esiste un luogo nel quale le nostre idee prendono corpo meglio che in altri? Per strada forse? O davanti a un caff\u00e8? E quando si tratta di pensare al &#8220;senso dell&#8217;esistenza&#8221; e ai conflitti che affliggono il mondo, abbiamo a nostra portata uno spazio dove meditare?<\/p>\n<p><!--more--><br \/>\nE&#8217; una domanda che ogni cittadino italiano dovrebbe porsi da quando il presidente della Camera Fausto Bertinotti ha espresso l&#8217;esigenza di far progettare a un architetto di fama nazionale &#8220;un luogo di ispirazione ecumenica in cui tutti possano interrogarsi sul senso dell&#8217;esistenza tanto pi\u00f9 di fronte al precipitare della barbarie e ai segni delle guerre e dei terrorismi che lacerano la comunit\u00e0 umana&#8221;.<br \/>\n&#8220;La stanza della meditazione dovrebbe essere collocata al piano basamentale di Montecitorio&#8221; spiega la <em>Repubblica <\/em>del 3 marzo e sar\u00e0 dotata di una piccola biblioteca con una trentina di libri, questo per consentire ai parlamentari di consultare oltre alla Bibbia, al Corano e alla Torah anche scritti sulla trascendenza in generale.<br \/>\nL&#8217;idea di ispirazione tedesca &#8211; in Germania \u00e8 stata realizzata una prayer room al Bundestag &#8211; ha accolto il plauso dei rappresentanti delle varie comunit\u00e0 religiose italiane. Fausto Bertinotti, intervistato da Fabio Fazio a &#8220;Che tempo che fa&#8221; domenica 11 marzo ha ribadito: &#8220;Penso che sia giusto costruire una camera della meditazione perch\u00e9 aiuta&#8221;.<br \/>\nMa la Camera non \u00e8 essa stessa il luogo dove il &#8220;pensiero&#8221; dovrebbe prender corpo? E&#8217; giusto dotare Montecitorio di uno spazio interreligioso quando lo spirito di laicit\u00e0 dello stato subisce attacchi quotidiani insieme ai suoi difensori? La meditazione sulla trascendenza \u00e8 o non \u00e8 un fatto privato? E infine, i costi di questa &#8220;magnifica ossessione&#8221; del presidente della Camera verranno sottratti dallo stipendio dei parlamentari stessi o saranno nuovamente a carico della collettivit\u00e0?<br \/>\nLa fase ascetica di Fausto Bertinotti somiglia troppo a quel tipo di politica che allontana il cittadino anzich\u00e9 avvicinarlo.<br \/>\n<em>(Giulia Parodi)<\/em><\/p>\n","protected":false},"excerpt":{"rendered":"<p>Dove pensiamo? Esiste un luogo nel quale le nostre idee prendono corpo meglio che in altri? Per strada forse? O davanti a un caff\u00e8? E quando si tratta di pensare al &#8220;senso dell&#8217;esistenza&#8221; e ai conflitti che affliggono il mondo, abbiamo a nostra portata uno spazio dove meditare?<\/p>\n","protected":false},"author":1,"featured_media":0,"comment_status":"open","ping_status":"closed","sticky":false,"template":"","format":"standard","meta":{"footnotes":""},"categories":[140,10],"tags":[],"class_list":["post-1106","post","type-post","status-publish","format-standard","hentry","category-140","category-politica"],"_links":{"self":[{"href":"https:\/\/www.olinews.it\/mt\/index.php?rest_route=\/wp\/v2\/posts\/1106","targetHints":{"allow":["GET"]}}],"collection":[{"href":"https:\/\/www.olinews.it\/mt\/index.php?rest_route=\/wp\/v2\/posts"}],"about":[{"href":"https:\/\/www.olinews.it\/mt\/index.php?rest_route=\/wp\/v2\/types\/post"}],"author":[{"embeddable":true,"href":"https:\/\/www.olinews.it\/mt\/index.php?rest_route=\/wp\/v2\/users\/1"}],"replies":[{"embeddable":true,"href":"https:\/\/www.olinews.it\/mt\/index.php?rest_route=%2Fwp%2Fv2%2Fcomments&post=1106"}],"version-history":[{"count":0,"href":"https:\/\/www.olinews.it\/mt\/index.php?rest_route=\/wp\/v2\/posts\/1106\/revisions"}],"wp:attachment":[{"href":"https:\/\/www.olinews.it\/mt\/index.php?rest_route=%2Fwp%2Fv2%2Fmedia&parent=1106"}],"wp:term":[{"taxonomy":"category","embeddable":true,"href":"https:\/\/www.olinews.it\/mt\/index.php?rest_route=%2Fwp%2Fv2%2Fcategories&post=1106"},{"taxonomy":"post_tag","embeddable":true,"href":"https:\/\/www.olinews.it\/mt\/index.php?rest_route=%2Fwp%2Fv2%2Ftags&post=1106"}],"curies":[{"name":"wp","href":"https:\/\/api.w.org\/{rel}","templated":true}]}}