{"id":1111,"date":"2007-03-21T10:09:19","date_gmt":"2007-03-21T10:09:19","guid":{"rendered":"http:\/\/www.comevedonoidaltonici.com\/wordpress\/?p=1111"},"modified":"2007-03-21T10:09:19","modified_gmt":"2007-03-21T10:09:19","slug":"grandes-commis2-il-terzo-valico-mai-finanziato","status":"publish","type":"post","link":"https:\/\/www.olinews.it\/mt\/?p=1111","title":{"rendered":"<em>Grandes commis\/2<\/em> &#8211; Il Terzo Valico mai finanziato"},"content":{"rendered":"<p>Ferrovie e Terzo Valico. Se mai si far\u00e0, ha detto Mario Moretti, dovr\u00e0 essere a doppia galleria per ragioni di sicurezza e coster\u00e0, ai prezzi di oggi, pi\u00f9 di 5 miliardi di euro (tanti quanto il ponte sullo Stretto).<\/p>\n<p><!--more--><br \/>\nSolo ironia per la protesta fuori programma dell&#8217;ex presidente della Regione Sandro Biasotti (&#8220;Quando ero presidente della Regione lei condivideva il piano finanziario del progetto, come mai ora non pi\u00f9?&#8221;): &#8220;Da ogni valutazione economica, risulta che l&#8217;opera si paga solo per il 10% e solo questo il gruppo FF.SS. poteva coprire\u2026Il resto tocca alla mano pubblica, perch\u00e9 nessuna azienda pu\u00f2 investire senza prospettiva di ritorno. Su questa base, 10% a carico delle FF.SS. e 90% a carico dello stato, il Cipe (Comitato Interministeriale per la Programmazione Economica) ha approvato il progetto&#8221; (<em>Repubblica-Lavoro<\/em>, 17 marzo 2007). Ma i soldi non c&#8217;erano. &#8220;Se qualche privato vuole finanziarlo, gestirlo e sfruttarlo da s\u00e9 si faccia avanti &#8211; ha concluso Moretti &#8211; io glielo lascio. Per noi questo progetto non \u00e8 remunerativo&#8221; (<em>L&#8217;avvisatore marittimo<\/em>, 17 marzo). Il senatore Luigi Grillo, &#8220;un sostenitore storico della alta velocit\u00e0 Genova-Milano, alterna sorpresa, costernazione e rabbia&#8221; (Gazzetta del luned\u00ec, 19 marzo) giudica &#8220;veramente indecente&#8221; la posizione delle FF.SS. Grillo trascura il fatto inconfutabile che le Grandi Opere del governo Berlusconi, tra le quali si contava il Terzo Valico, non potevano e non dovevano essere approvate dal Cipe perch\u00e9 non c&#8217;erano i fondi.<br \/>\nInsomma, sul Terzo Valico, di cui si parla, grazie alle lobbies e a una stampa esclusivamente locale che se ne fa portavoce da pi\u00f9 di un decennio, sembra sia calato il silenzio. Anche quello della Co.Fer.Ge.Mi., il consorzio di imprese che aveva recentemente presentato un miracoloso piano finanziario per fare ripartire il Terzo Valico, propagandato con lo slogan &#8220;lo Stato non ci metter\u00e0 un euro&#8221; (<em>Repubblica-Lavoro<\/em>, 25 gennaio). In realt\u00e0, non era che un prestito a 40 anni, senza alcun rischio, garantito dallo Stato, a tassi superiori rispetto al mercato. Svelato il gioco, non si sono fatti pi\u00f9 sentire.<br \/>\n(Oscar Itzcovich)<\/p>\n","protected":false},"excerpt":{"rendered":"<p>Ferrovie e Terzo Valico. Se mai si far\u00e0, ha detto Mario Moretti, dovr\u00e0 essere a doppia galleria per ragioni di sicurezza e coster\u00e0, ai prezzi di oggi, pi\u00f9 di 5 miliardi di euro (tanti quanto il ponte sullo Stretto).<\/p>\n","protected":false},"author":1,"featured_media":0,"comment_status":"open","ping_status":"closed","sticky":false,"template":"","format":"standard","meta":{"footnotes":""},"categories":[141,14],"tags":[],"class_list":["post-1111","post","type-post","status-publish","format-standard","hentry","category-141","category-trasporti"],"_links":{"self":[{"href":"https:\/\/www.olinews.it\/mt\/index.php?rest_route=\/wp\/v2\/posts\/1111","targetHints":{"allow":["GET"]}}],"collection":[{"href":"https:\/\/www.olinews.it\/mt\/index.php?rest_route=\/wp\/v2\/posts"}],"about":[{"href":"https:\/\/www.olinews.it\/mt\/index.php?rest_route=\/wp\/v2\/types\/post"}],"author":[{"embeddable":true,"href":"https:\/\/www.olinews.it\/mt\/index.php?rest_route=\/wp\/v2\/users\/1"}],"replies":[{"embeddable":true,"href":"https:\/\/www.olinews.it\/mt\/index.php?rest_route=%2Fwp%2Fv2%2Fcomments&post=1111"}],"version-history":[{"count":0,"href":"https:\/\/www.olinews.it\/mt\/index.php?rest_route=\/wp\/v2\/posts\/1111\/revisions"}],"wp:attachment":[{"href":"https:\/\/www.olinews.it\/mt\/index.php?rest_route=%2Fwp%2Fv2%2Fmedia&parent=1111"}],"wp:term":[{"taxonomy":"category","embeddable":true,"href":"https:\/\/www.olinews.it\/mt\/index.php?rest_route=%2Fwp%2Fv2%2Fcategories&post=1111"},{"taxonomy":"post_tag","embeddable":true,"href":"https:\/\/www.olinews.it\/mt\/index.php?rest_route=%2Fwp%2Fv2%2Ftags&post=1111"}],"curies":[{"name":"wp","href":"https:\/\/api.w.org\/{rel}","templated":true}]}}