{"id":1121,"date":"2007-03-28T10:59:22","date_gmt":"2007-03-28T10:59:22","guid":{"rendered":"http:\/\/www.comevedonoidaltonici.com\/wordpress\/?p=1121"},"modified":"2007-03-28T10:59:22","modified_gmt":"2007-03-28T10:59:22","slug":"piazzate-pretendono-ordine-non-legalita","status":"publish","type":"post","link":"https:\/\/www.olinews.it\/mt\/?p=1121","title":{"rendered":"<em>Piazzate <\/em>&#8211; Pretendono ordine, non legalit\u00e0"},"content":{"rendered":"<p>Le coincidenze di date hanno talvolta un senso che va oltre l&#8217;accostamento temporale. Luned\u00ec 26 marzo si \u00e8 svolta a Milano, sul far della sera, la fiaccolata per la sicurezza e l&#8217;ordine pubblico, voluta dal sindaco Letizia Moratti, con in testa anche Silvio Berlusconi, deciso a non lasciare la scena alla sua ex ministra, possibile aspirante alla leadership di Forza Italia.<\/p>\n<p><!--more--><br \/>\nLo stesso giorno 26 marzo, sempre a Milano, il pg del processo per lo scandalo Sme ha concluso la requisitoria chiedendo la condanna a 5 anni di carcere (al solito virtuali) dell&#8217;ex premier, per corruzione in atti giudiziari. Si tratta di un ramo piuttosto contorto del processone che port\u00f2 gi\u00e0 alla condanna (definitiva) di Previti e dell&#8217;ex giudice Squillante, condanna evitata invece, almeno finora, dal cavaliere grazie al fuoco di sbarramento di leggi e leggine ad personam, da parte dei suoi avvocati-parlamentari.<br \/>\nDunque, la figura pubblica accusata di aver corrotto alcuni magistrati, uno dei reati pi\u00f9 inquietanti, guida la protesta dei cittadini per reclamare maggior rigore, tolleranza zero. Come nota il giurista Mauro Barberis (<em>Il Secolo XIX<\/em>, Commenti &#038; Opinioni) sicurezza equivale a legalit\u00e0 pi\u00f9 ordine (&#8220;law and order&#8221;), ma mentre quelli che sfilano con le fiaccole pretendono l&#8217;ordine, la contromanifestazione milanese della catena umana reclama legalit\u00e0. I nostri pronipoti probabilmente studieranno un caso come questo come classico esempio di schizofrenia o cinismo politico, insomma un paradosso inaccettabile in una comunit\u00e0 appena evoluta.<br \/>\nSempre in tema di coincidenze non solo temporali, il 24 marzo cadeva l&#8217;anniversario (1976) della presa di potere dei militari argentini: fu la dittatura pi\u00f9 sanguinaria di tutte quelle dell&#8217;America Latina e, quanto a ferocia, \u00e8 paragonabile al nazismo. Era capeggiata dai militari della tragica Escuela de Las Am\u00e9ricas, come l&#8217;ammiraglio Eduardo Massera, nome che figura negli elenchi della P2, insieme a Berlusconi e Cicchitto.<br \/>\n<strong><em>(Camillo Arcuri)<\/em><\/strong><\/p>\n","protected":false},"excerpt":{"rendered":"<p>Le coincidenze di date hanno talvolta un senso che va oltre l&#8217;accostamento temporale. Luned\u00ec 26 marzo si \u00e8 svolta a Milano, sul far della sera, la fiaccolata per la sicurezza e l&#8217;ordine pubblico, voluta dal sindaco Letizia Moratti, con in testa anche Silvio Berlusconi, deciso a non lasciare la scena alla sua ex ministra, possibile [&hellip;]<\/p>\n","protected":false},"author":1,"featured_media":0,"comment_status":"open","ping_status":"closed","sticky":false,"template":"","format":"standard","meta":{"footnotes":""},"categories":[142,10],"tags":[],"class_list":["post-1121","post","type-post","status-publish","format-standard","hentry","category-142","category-politica"],"_links":{"self":[{"href":"https:\/\/www.olinews.it\/mt\/index.php?rest_route=\/wp\/v2\/posts\/1121","targetHints":{"allow":["GET"]}}],"collection":[{"href":"https:\/\/www.olinews.it\/mt\/index.php?rest_route=\/wp\/v2\/posts"}],"about":[{"href":"https:\/\/www.olinews.it\/mt\/index.php?rest_route=\/wp\/v2\/types\/post"}],"author":[{"embeddable":true,"href":"https:\/\/www.olinews.it\/mt\/index.php?rest_route=\/wp\/v2\/users\/1"}],"replies":[{"embeddable":true,"href":"https:\/\/www.olinews.it\/mt\/index.php?rest_route=%2Fwp%2Fv2%2Fcomments&post=1121"}],"version-history":[{"count":0,"href":"https:\/\/www.olinews.it\/mt\/index.php?rest_route=\/wp\/v2\/posts\/1121\/revisions"}],"wp:attachment":[{"href":"https:\/\/www.olinews.it\/mt\/index.php?rest_route=%2Fwp%2Fv2%2Fmedia&parent=1121"}],"wp:term":[{"taxonomy":"category","embeddable":true,"href":"https:\/\/www.olinews.it\/mt\/index.php?rest_route=%2Fwp%2Fv2%2Fcategories&post=1121"},{"taxonomy":"post_tag","embeddable":true,"href":"https:\/\/www.olinews.it\/mt\/index.php?rest_route=%2Fwp%2Fv2%2Ftags&post=1121"}],"curies":[{"name":"wp","href":"https:\/\/api.w.org\/{rel}","templated":true}]}}