{"id":1123,"date":"2007-04-04T08:54:19","date_gmt":"2007-04-04T08:54:19","guid":{"rendered":"http:\/\/www.comevedonoidaltonici.com\/wordpress\/?p=1123"},"modified":"2007-04-04T08:54:19","modified_gmt":"2007-04-04T08:54:19","slug":"la-lettera-la-realta-quella-vera-e-fuori-dai-giornali","status":"publish","type":"post","link":"https:\/\/www.olinews.it\/mt\/?p=1123","title":{"rendered":"<em>La lettera<\/em> &#8211; La realt\u00e0, quella vera \u00e8 fuori dai giornali"},"content":{"rendered":"<p>Bravi. Anche questa volta avete fatto il vostro numero, vi siete intrufolati tra le notizie e le avete sublimate nelle vostre velenose e sagaci note. Immagino gi\u00e0 il vostro lettore tipo che scarica la posta dal suo ufficio, magari con una tazza di caff\u00e8 in mano e una copia del quotidiano in borsa. Vi legge e pensa &#8220;Ma guarda come sono acuti, a questo non avevo pensato&#8221;, oppure, a seconda dei giorni, &#8221; Questa mi pare una sciocchezza&#8221;. E, sorbendo il caff\u00e8, vi da quasi sempre ragione e magari pensa che gli abbiate dato qualche spunto per leggere la realt\u00e0.<\/p>\n<p><!--more--><br \/>\nRealt\u00e0, appunto. Ma avete voi di Oli avete un&#8217;idea, per quanto vaga, di cosa sia la maggior parte della realt\u00e0 che vi circonda? Beh, quella, miei cari, non la leggete sui giornali. E, reciprocamente, quella realt\u00e0 n\u00e9 legge o conosce voi n\u00e9 si avvia al lavoro col quotidiano in borsa la mattina. La realt\u00e0, quella che in questo momento un lavoro vero non ce l&#8217;ha. C&#8217;\u00e8 la realt\u00e0 di una, due generazioni, col cuore rattrappito da una precariet\u00e0 che non mette in discussione soltanto il &#8220;drink del sabato sera&#8221; o lo &#8220;shopping di Natale&#8221;.<br \/>\nQuesto ciarpame lo leggete sui vostri amati giornali, miei cari, che non ne ritraggono neppure l&#8217;ombra deforme e che al massimo ogni tanto se ne escono fuori con la &#8220;storia&#8221; del mese, &#8220;precario laureato fa 8 lavori in 2 anni&#8221;, come se fosse un aneddoto. Ve la racconto io, la realt\u00e0 che proprio sfugge alle vostre griglie mentali: ti affittano per due mesi, tre mesi di lavoro interinale e poi a casa, e non sai come potrai arrivare al mese dopo. Ti sloghi una caviglia e devi restare a letto, oppure rimani incinta, e sei fuori. Ti ritrovi a fare tre, quattro lavori, ed in tutti vai male. Magari ti lasci alle spalle anni di studi e di titoli per arrancare dietro alla sopravvivenza a singhiozzo dei contratti a progetto. Insegui chimere di stages e scuole che ti promettono occupazione e invece non fanno che accrescere l&#8217;iper-qualificazione che ti rende cos\u00ec poco appetibile al mercato del lavoro.<br \/>\nAllora sale, da dentro, una mano fredda che ti afferra e preme, la senti dolorosamente sulla superficie delle viscere, e ti tira gi\u00f9, l\u00e0 dove non ci si interroga ma si cammina a testa bassa, dove pensare fa male perch\u00e9 aguzza la consapevolezza; meglio tirare avanti senza troppe opinioni. In quel posto non si comprano i giornali perch\u00e9 non si hanno i soldi ma anche perch\u00e9 sono tremendamente distanti dalla realt\u00e0 che si vive, proprio come voi. Se tra un gioco intellettuale e l&#8217;altro vorrete un giorno dare un&#8217;occhiata alla realt\u00e0, distogliete lo sguardo dalle pantomime dei potenti che leggete sui giornali e guardate in basso.<br \/>\n<em>(Daphne) <\/em><\/p>\n","protected":false},"excerpt":{"rendered":"<p>Bravi. Anche questa volta avete fatto il vostro numero, vi siete intrufolati tra le notizie e le avete sublimate nelle vostre velenose e sagaci note. Immagino gi\u00e0 il vostro lettore tipo che scarica la posta dal suo ufficio, magari con una tazza di caff\u00e8 in mano e una copia del quotidiano in borsa. Vi legge [&hellip;]<\/p>\n","protected":false},"author":1,"featured_media":0,"comment_status":"open","ping_status":"closed","sticky":false,"template":"","format":"standard","meta":{"footnotes":""},"categories":[143],"tags":[],"class_list":["post-1123","post","type-post","status-publish","format-standard","hentry","category-143"],"_links":{"self":[{"href":"https:\/\/www.olinews.it\/mt\/index.php?rest_route=\/wp\/v2\/posts\/1123","targetHints":{"allow":["GET"]}}],"collection":[{"href":"https:\/\/www.olinews.it\/mt\/index.php?rest_route=\/wp\/v2\/posts"}],"about":[{"href":"https:\/\/www.olinews.it\/mt\/index.php?rest_route=\/wp\/v2\/types\/post"}],"author":[{"embeddable":true,"href":"https:\/\/www.olinews.it\/mt\/index.php?rest_route=\/wp\/v2\/users\/1"}],"replies":[{"embeddable":true,"href":"https:\/\/www.olinews.it\/mt\/index.php?rest_route=%2Fwp%2Fv2%2Fcomments&post=1123"}],"version-history":[{"count":0,"href":"https:\/\/www.olinews.it\/mt\/index.php?rest_route=\/wp\/v2\/posts\/1123\/revisions"}],"wp:attachment":[{"href":"https:\/\/www.olinews.it\/mt\/index.php?rest_route=%2Fwp%2Fv2%2Fmedia&parent=1123"}],"wp:term":[{"taxonomy":"category","embeddable":true,"href":"https:\/\/www.olinews.it\/mt\/index.php?rest_route=%2Fwp%2Fv2%2Fcategories&post=1123"},{"taxonomy":"post_tag","embeddable":true,"href":"https:\/\/www.olinews.it\/mt\/index.php?rest_route=%2Fwp%2Fv2%2Ftags&post=1123"}],"curies":[{"name":"wp","href":"https:\/\/api.w.org\/{rel}","templated":true}]}}