{"id":1132,"date":"2007-04-11T09:10:59","date_gmt":"2007-04-11T09:10:59","guid":{"rendered":"http:\/\/www.comevedonoidaltonici.com\/wordpress\/?p=1132"},"modified":"2007-04-11T09:10:59","modified_gmt":"2007-04-11T09:10:59","slug":"film-bisturi-e-botulino-ruba-anime","status":"publish","type":"post","link":"https:\/\/www.olinews.it\/mt\/?p=1132","title":{"rendered":"<em>Film<\/em> &#8211; Bisturi e botulino ruba-anime"},"content":{"rendered":"<p><img loading=\"lazy\" decoding=\"async\" src=\"http:\/\/www.olinews.it\/mt\/images\/culturas.jpg\" alt=\"\" height=\"150\" width=\"150\" align=\"left\" hspace=\"5\">La regista Francesca Archibugi, dopo un periodo di assenza, propone in questi giorni nelle sale cinematografiche il film &#8220;Lezioni di volo&#8221;, un prodotto discreto, un&#8217;opera lieve e scorrevole che forse ci rimanda ad un genere vagamente &#8220;bertolucciano&#8221; ma decisamente meno lezioso. In breve, la storia narra l&#8217;iniziazione alla vita vera, alla maturit\u00e0 psicologica (e non solo) di Pollo e Curry, due ragazzini ingenui, sbruffoni e viziati dell&#8217;alta borghesia romana, studenti a tempo perso, abili nel ciondolare e riempire giornate vuote ed insulse con stupidi scherzi come quello di sputare dal terrazzo di casa sulle teste di ignari passanti.<\/p>\n<p><!--more--><br \/>\nCurry \u00e8 indiano, adottato da genitori italiani, il Kerala \u00e8 la sua regione d&#8217;origine. Pollo \u00e8 romano, ebreo, non particolarmente acuto e &#8220;non-cresciuto&#8221; da un padre aggressivo ed inquisitore e da una madre assente e superficiale. Il percorso di iniziazione dei due ragazzi incomincia appunto quando Curry trascina il compagno in un avventuroso ed impegnativo viaggio in India alla ricerca della sua vera madre.<br \/>\nMa al di l\u00e0 della trama del film, ci\u00f2 che colpisce in particolare \u00e8 la figura della madre di Pollo, una donna superficiale, tutta shopping e mondanit\u00e0, interpretata da una Anna Galiena decisamente irriconoscibile. E qui sta il punto. Anche la bella Galiena ha venduto il corpo e soprattutto l&#8217;anima al botulino? Certo che s\u00ec. E perch\u00e9 anche l&#8217;anima? Perch\u00e9 vedere trasformato in un cuscinetto un bel viso affascinante e unico come il suo, \u00e8 alquanto triste e disarmante, un&#8217;invasione che toglie l&#8217;essenza pi\u00f9 profonda della personalit\u00e0 individuale. Quel viso come quello di tante altre figure femminili, non solo appartenenti allo star-system, ha perduto ogni espressione vitale e originale che lo caratterizzava. La bella donna matura e sensuale dai tratti irregolari ed intriganti e dagli occhi languidi, non esiste pi\u00f9. Lo sguardo \u00e8 vitreo, gli zigomi gonfi, la bocca \u00e8 un salvagente, il viso \u00e8 inespressivo.<br \/>\nSi sperava (ci piacerebbe illuderci) che fosse trucco per esigenze di copione, sarebbe decisamente molto pi\u00f9 originale e divertente! Ma non \u00e8 cos\u00ec. Fiduciosi che almeno tu, Anna, colta professionista dello schermo, interprete intelligente e sensibile, non &#8220;vendessi&#8221; cos\u00ec spudoratamente l&#8217;anima alla Bisturi &#038; C, sappi che alcuni tuoi fan d.o.c. resteranno delusi. La chirurgia plastica ti ha violentata privandoti definitivamente di quell&#8217;espressione esclusiva che ti distingueva da tante altre tue colleghe, consegnandoci cos\u00ec qualcuno che non riconosciamo pi\u00f9, una delle tante della scuderia delle &#8220;rifatte&#8221;.<br \/>\nPeccato. Forse &#8220;non ci resta che piangere&#8221; (come diceva Massimo Troisi), rassegnarci e aspettare le prossime deturpazioni. Questo in fondo \u00e8 il nostro contemporaneo, una societ\u00e0 che evidentemente ci piace cos\u00ec, ci calza a pennello, sviluppata da noi e da coloro che ci hanno governato e che attualmente ci governano, inerti. E&#8217; stata spianata la strada al finto, all&#8217;artificiale, all&#8217;immobilismo dell&#8217;artefatto, tutti elementi che ovviamente hanno preso il sopravvento anche nei rapporti umani e nella quotidianit\u00e0 e sono parte integrante del DNA sociale e culturale.<br \/>\nFinti fuori, finti dentro. Innaturali, questa \u00e8 la regola. Dobbiamo forse farcene una ragione?<br \/>\n<em>(Elena Giusti) <\/em><\/p>\n","protected":false},"excerpt":{"rendered":"<p>La regista Francesca Archibugi, dopo un periodo di assenza, propone in questi giorni nelle sale cinematografiche il film &#8220;Lezioni di volo&#8221;, un prodotto discreto, un&#8217;opera lieve e scorrevole che forse ci rimanda ad un genere vagamente &#8220;bertolucciano&#8221; ma decisamente meno lezioso. In breve, la storia narra l&#8217;iniziazione alla vita vera, alla maturit\u00e0 psicologica (e non [&hellip;]<\/p>\n","protected":false},"author":1,"featured_media":0,"comment_status":"open","ping_status":"closed","sticky":false,"template":"","format":"standard","meta":{"footnotes":""},"categories":[145,16],"tags":[],"class_list":["post-1132","post","type-post","status-publish","format-standard","hentry","category-145","category-cultura"],"_links":{"self":[{"href":"https:\/\/www.olinews.it\/mt\/index.php?rest_route=\/wp\/v2\/posts\/1132","targetHints":{"allow":["GET"]}}],"collection":[{"href":"https:\/\/www.olinews.it\/mt\/index.php?rest_route=\/wp\/v2\/posts"}],"about":[{"href":"https:\/\/www.olinews.it\/mt\/index.php?rest_route=\/wp\/v2\/types\/post"}],"author":[{"embeddable":true,"href":"https:\/\/www.olinews.it\/mt\/index.php?rest_route=\/wp\/v2\/users\/1"}],"replies":[{"embeddable":true,"href":"https:\/\/www.olinews.it\/mt\/index.php?rest_route=%2Fwp%2Fv2%2Fcomments&post=1132"}],"version-history":[{"count":0,"href":"https:\/\/www.olinews.it\/mt\/index.php?rest_route=\/wp\/v2\/posts\/1132\/revisions"}],"wp:attachment":[{"href":"https:\/\/www.olinews.it\/mt\/index.php?rest_route=%2Fwp%2Fv2%2Fmedia&parent=1132"}],"wp:term":[{"taxonomy":"category","embeddable":true,"href":"https:\/\/www.olinews.it\/mt\/index.php?rest_route=%2Fwp%2Fv2%2Fcategories&post=1132"},{"taxonomy":"post_tag","embeddable":true,"href":"https:\/\/www.olinews.it\/mt\/index.php?rest_route=%2Fwp%2Fv2%2Ftags&post=1132"}],"curies":[{"name":"wp","href":"https:\/\/api.w.org\/{rel}","templated":true}]}}