{"id":1134,"date":"2007-04-11T09:16:09","date_gmt":"2007-04-11T09:16:09","guid":{"rendered":"http:\/\/www.comevedonoidaltonici.com\/wordpress\/?p=1134"},"modified":"2007-04-11T09:16:09","modified_gmt":"2007-04-11T09:16:09","slug":"diversa-cultura-contro-i-pregiudizi-efficace-tam-tam","status":"publish","type":"post","link":"https:\/\/www.olinews.it\/mt\/?p=1134","title":{"rendered":"<em>Diversa cultura<\/em> &#8211; Contro i pregiudizi efficace Tam Tam"},"content":{"rendered":"<p><img loading=\"lazy\" decoding=\"async\" src=\"http:\/\/www.olinews.it\/mt\/images\/immigraziones.jpg\" alt=\"\" height=\"150\" width=\"150\" align=\"left\" hspace=\"5\">La stampa pu\u00f2 essere ancora un mezzo efficace di conoscenza della realt\u00e0 sociale e di comunicazione? Sembrerebbe di s\u00ec, stando all&#8217;esperienza di Tam Tam, bimestrale multietnico a diffusione gratuita con ormai circa un anno di vita. Era infatti il 28 aprile dello scorso anno quando Il Secolo XIX dava notizia della festa in piazza delle Vigne per presentare il n. 0. Ora sta per uscire il n. 4, e sono curioso di sapere come sono nati questi 5 numeri, che risultati hanno dato. Me lo spiega Federico, un tecnico informatico con la passione del giornalismo d&#8217;inchiesta e delle culture del mondo. Di ce che il giornale \u00e8 effettivamente efficace come mezzo per entrare in contatto con le comunit\u00e0 straniere, ma anche con la gente del centro storico. Infatti vive delle sponsorizzazioni di decine di negozi ed esercizi commerciali della z ona, dove poi viene anche distribuito.<\/p>\n<p><!--more--><br \/>\nInoltre la stesura degli articoli, le interviste, le traduzioni (gli articoli sono pubblicati in diverse lingue) implicano il coinvolgimento e la collaborazione di parecchie persone. Il giornale \u00e8 quindi un efficace mezzo non solo di comunicazione, ma anche di studio della realt\u00e0 locale. Tra le comunit\u00e0 straniere con cui si \u00e8 stabilita una relazione tramite Tam Tam, Federico cita quella senegalese e quella peruviana. Gli equadoregni, i pi\u00f9 numerosi tra gli stranieri residenti a Genova. sono per\u00f2 meno organizzati di altre comunit\u00e0, e generalmente sono legati ad associazioni assistenziali cattoliche.<br \/>\nQuale scopo si propone questa attivit\u00e0? L&#8217;intento del giornale \u00e8 sconfiggere la paura del diverso, un aspetto della paura come sentimento dominante in larghi strati della popolazione. Secondo Federico la paura non \u00e8 un fenomeno naturale, e spesso viene suscitato ad arte per motivi politici. La paura nasce dalla propaganda, ma \u00e8 resa possibile dalla condizione di isolamento delle persone. Cos\u00ec smontare la paura favorendo l&#8217;incontro e la conoscenza diventa un&#8217;operazione politica, oltre che umanitaria.<br \/>\nTam Tam costituisce la principale attivit\u00e0 del Centro delle Culture, uno dei 14 aperti finora in Italia dal Movimento Umanista. Federico si \u00e8 avvicinato al Movimento perch\u00e9 gli \u00e8 stato dato un volantino per la strada (da un militante umanista, a sua volta reclutato nello stesso modo). Cos\u00ec da un anno e mezzo si dedica a questa attivit\u00e0, sotto la supervisione della fondatrice del Movimento a Genova, Patrizia Sassanelli, venuta da Milano. Federico si \u00e8 legato al Movimento perch\u00e9, oltre a condividerne gli ideali, ha trovato in esso uno spazio di autonomia per l&#8217;iniziativa delle persone, il che, a suo avviso, lo differenzia da altre organizzazioni.<br \/>\nPer saperne di pi\u00f9 sul Movimento Umanista, sui Centri delle Culture, e per leggere i numeri di Tam Tam usciti finora: <a href=\"http:\/\/www.cdcgenova.altervista.org\">www.cdcgenova.altervista.org<\/a>. Alla newsletter del CdC genovese sono attualmente iscritte 800 persone.<br \/>\n<em>(Pino Cosentino)<\/em><\/p>\n","protected":false},"excerpt":{"rendered":"<p>La stampa pu\u00f2 essere ancora un mezzo efficace di conoscenza della realt\u00e0 sociale e di comunicazione? Sembrerebbe di s\u00ec, stando all&#8217;esperienza di Tam Tam, bimestrale multietnico a diffusione gratuita con ormai circa un anno di vita. Era infatti il 28 aprile dello scorso anno quando Il Secolo XIX dava notizia della festa in piazza delle [&hellip;]<\/p>\n","protected":false},"author":1,"featured_media":0,"comment_status":"open","ping_status":"closed","sticky":false,"template":"","format":"standard","meta":{"footnotes":""},"categories":[145],"tags":[],"class_list":["post-1134","post","type-post","status-publish","format-standard","hentry","category-145"],"_links":{"self":[{"href":"https:\/\/www.olinews.it\/mt\/index.php?rest_route=\/wp\/v2\/posts\/1134","targetHints":{"allow":["GET"]}}],"collection":[{"href":"https:\/\/www.olinews.it\/mt\/index.php?rest_route=\/wp\/v2\/posts"}],"about":[{"href":"https:\/\/www.olinews.it\/mt\/index.php?rest_route=\/wp\/v2\/types\/post"}],"author":[{"embeddable":true,"href":"https:\/\/www.olinews.it\/mt\/index.php?rest_route=\/wp\/v2\/users\/1"}],"replies":[{"embeddable":true,"href":"https:\/\/www.olinews.it\/mt\/index.php?rest_route=%2Fwp%2Fv2%2Fcomments&post=1134"}],"version-history":[{"count":0,"href":"https:\/\/www.olinews.it\/mt\/index.php?rest_route=\/wp\/v2\/posts\/1134\/revisions"}],"wp:attachment":[{"href":"https:\/\/www.olinews.it\/mt\/index.php?rest_route=%2Fwp%2Fv2%2Fmedia&parent=1134"}],"wp:term":[{"taxonomy":"category","embeddable":true,"href":"https:\/\/www.olinews.it\/mt\/index.php?rest_route=%2Fwp%2Fv2%2Fcategories&post=1134"},{"taxonomy":"post_tag","embeddable":true,"href":"https:\/\/www.olinews.it\/mt\/index.php?rest_route=%2Fwp%2Fv2%2Ftags&post=1134"}],"curies":[{"name":"wp","href":"https:\/\/api.w.org\/{rel}","templated":true}]}}