{"id":1139,"date":"2007-04-18T09:36:15","date_gmt":"2007-04-18T09:36:15","guid":{"rendered":"http:\/\/www.comevedonoidaltonici.com\/wordpress\/?p=1139"},"modified":"2007-04-18T09:36:15","modified_gmt":"2007-04-18T09:36:15","slug":"concerto-fabrizio-de-andre-musica-non-solo-da-vendere","status":"publish","type":"post","link":"https:\/\/www.olinews.it\/mt\/?p=1139","title":{"rendered":"<em>Concerto <\/em>&#8211; Fabrizio De Andr\u00e8: musica non solo da vendere"},"content":{"rendered":"<p>Come mai un cantante della portata di De Andr\u00e9 oggi \u00e8 tanto gettonato e cos\u00ec poco ascoltato? Forse perch\u00e9 la differenza fra l&#8217;uomo nella societ\u00e0 ed il cantautore \u00e8 molto forte; per uomo della societ\u00e0 intendo l&#8217;uomo che fa parte della borghesia, non certo l&#8217;uomo comune, protagonista di tante storie cantate da Fabrizio. Storie del mondo dove viviamo, spesso ignorate dai pi\u00f9 per la carenza di rapporti umani che contraddistingue le nostre citt\u00e0. Esiste -anche se negato- un menefreghismo becero, un egocentrismo bacchettone, che portano l&#8217;uomo a non guardare oltre il perimetro della siepe del proprio giardino. Quanto sta l\u00e0 fuori non gli appartiene, ed \u00e8 ci\u00f2 che Fabrizio racconta con le sue stupende melodie, che potrebbero essere declamate anche senza il supporto della musica tanta \u00e8 la loro bellezza e profondit\u00e0.<\/p>\n<p><!--more--><br \/>\nDi questo si \u00e8 discusso a lungo tra noi presenti al concerto dei KhoraKhan\u00e8, tenuto il 15 Gennaio 2007 nel cortile della Casa Circondariale di Chiavari dove tutti i detenuti, hanno potuto apprezzare due ore di ottima musica. Un complesso polifonico, composto da valenti musicisti e da una calda voce solista, che cantava col cuore e con passione una musica bella ma non facile.<br \/>\nIl concerto \u00e8 stato un occasione per tutti coloro che al momento erano ospiti della struttura carceraria, oltre che per apprezzare una esecuzione di qualit\u00e0, per riflettere su alcuni dei temi pi\u00f9 importanti della vita di tutti i giorni, dalla quale per le vicende personali, chi pi\u00f9 o meno ne \u00e8 stato escluso.<br \/>\nI testi di De Andr\u00e9, sono vere e proprie denunce di situazioni scomode, di fatti tragici che spesso i pi\u00f9 ignorano. Tutti elementi che conferiscono alle sue canzoni un alto valore umano e morale non facile da percepire. Ma che dovrebbe far riflettere tutti.<br \/>\nDe Andr\u00e9 \u00e8 un &#8220;cronista delle sue canzoni&#8221; mentre altri scrivono spesso solo &#8220;ballate&#8221;. Siamo di fronte ad un genere diverso ed innovativo, dove il racconto \u00e8 fatto di storie vere, vissute in quel contesto dove l&#8217;autore s&#8217;immergeva pere attingere la materia prima, che diventava poesia e denuncia. La differenza fra De Andr\u00e9 e gli altri cantautori sta nella scelta di proporre musica, fatta non solo per essere venduta; frutto appassionato dello studio della realt\u00e0 alla quale sapeva aggiungere le note e le parole giuste.<br \/>\nFabrizio si sentiva un uomo comune e cercava il riconoscimento solo di chi lo sapesse apprezzare e lo avesse scelto fra la moltitudine del popolo musicale. Questo \u00e8 il primo segno della sua coerenza. Il suo \u00e8 un monito che la libert\u00e0 non ha prezzo, non lo avr\u00e0 mai, un uomo \u00e8 libero solo se pu\u00f2 essere se stesso, Lui era libero, la dimostrazione \u00e8 nella sua musica innovativa, nell&#8217;essere il precursore di un nuovo genere di poesia.<br \/>\nQuesti e molti altri sono i contenuti delle riflessioni suscitate da uno stupendo pomeriggio, non certamente privo di emozione e commozione, passato insieme tra musica, poesia e ricordi.<br \/>\n<strong><em>(Silvano Bartolini, Casa Circondariale di Chiavari)<\/em> <\/strong><\/p>\n","protected":false},"excerpt":{"rendered":"<p>Come mai un cantante della portata di De Andr\u00e9 oggi \u00e8 tanto gettonato e cos\u00ec poco ascoltato? Forse perch\u00e9 la differenza fra l&#8217;uomo nella societ\u00e0 ed il cantautore \u00e8 molto forte; per uomo della societ\u00e0 intendo l&#8217;uomo che fa parte della borghesia, non certo l&#8217;uomo comune, protagonista di tante storie cantate da Fabrizio. Storie del [&hellip;]<\/p>\n","protected":false},"author":1,"featured_media":0,"comment_status":"open","ping_status":"closed","sticky":false,"template":"","format":"standard","meta":{"footnotes":""},"categories":[146],"tags":[],"class_list":["post-1139","post","type-post","status-publish","format-standard","hentry","category-146"],"_links":{"self":[{"href":"https:\/\/www.olinews.it\/mt\/index.php?rest_route=\/wp\/v2\/posts\/1139","targetHints":{"allow":["GET"]}}],"collection":[{"href":"https:\/\/www.olinews.it\/mt\/index.php?rest_route=\/wp\/v2\/posts"}],"about":[{"href":"https:\/\/www.olinews.it\/mt\/index.php?rest_route=\/wp\/v2\/types\/post"}],"author":[{"embeddable":true,"href":"https:\/\/www.olinews.it\/mt\/index.php?rest_route=\/wp\/v2\/users\/1"}],"replies":[{"embeddable":true,"href":"https:\/\/www.olinews.it\/mt\/index.php?rest_route=%2Fwp%2Fv2%2Fcomments&post=1139"}],"version-history":[{"count":0,"href":"https:\/\/www.olinews.it\/mt\/index.php?rest_route=\/wp\/v2\/posts\/1139\/revisions"}],"wp:attachment":[{"href":"https:\/\/www.olinews.it\/mt\/index.php?rest_route=%2Fwp%2Fv2%2Fmedia&parent=1139"}],"wp:term":[{"taxonomy":"category","embeddable":true,"href":"https:\/\/www.olinews.it\/mt\/index.php?rest_route=%2Fwp%2Fv2%2Fcategories&post=1139"},{"taxonomy":"post_tag","embeddable":true,"href":"https:\/\/www.olinews.it\/mt\/index.php?rest_route=%2Fwp%2Fv2%2Ftags&post=1139"}],"curies":[{"name":"wp","href":"https:\/\/api.w.org\/{rel}","templated":true}]}}