{"id":1145,"date":"2007-04-18T09:54:50","date_gmt":"2007-04-18T09:54:50","guid":{"rendered":"http:\/\/www.comevedonoidaltonici.com\/wordpress\/?p=1145"},"modified":"2007-04-18T09:54:50","modified_gmt":"2007-04-18T09:54:50","slug":"morire-sul-lavoro1-se-la-sicurezza-aumentasse-come-i-tavoli-istituzionali","status":"publish","type":"post","link":"https:\/\/www.olinews.it\/mt\/?p=1145","title":{"rendered":"<em>Morire sul lavoro\/1<\/em> &#8211; Se la sicurezza aumentasse come i tavoli istituzionali"},"content":{"rendered":"<p><em>Presidente Tofani. Signor prefetto, intanto la ringrazio sia per l&#8217;accoglienza e la disponibilit\u00e0 sia per la documentazione che ci ha consegnato, la quale sar\u00e0 sicuramente per noi un elemento importante di riflessione, sia soprattutto per la conferma, rispetto ai dati di cui eravamo gi\u00e0 in possesso, del fatto che non ci troviamo di fronte a situazioni straordinarie o di emergenza.<br \/>\nPrefetto Romano. Assolutamente no.<br \/>\nPresidente. Piuttosto &#8211; mi sembra di capire &#8211; esiste una situazione abbastanza sotto controllo, anche in relazione all&#8217;entit\u00e0 non eccessiva degli eventi infortunistici.<br \/>\nRomano. Esattamente <\/em>(audizione svolta presso la prefettura di Genova, Commissione parlamentare d&#8217;inchiesta sugli infortuni sul lavoro con particolare riguardo alle cosiddette &#8220;morti bianche&#8221;, 17 ottobre 2005).<\/p>\n<p><!--more--><br \/>\nCome di rituale. All&#8217;indomani di ogni tragedia si moltiplicano i tavoli istituzionali. Per luned\u00ec 16 aprile il prefetto di Genova, Giuseppe Romano, ha presieduto un incontro con Regione, Comune, Asl, Autorit\u00e0 portuale &#8220;per far fronte all&#8217;emergenza sicurezza sulle banchine&#8221;. Emergenza equivale a circostanza imprevista. Ma non c&#8217;\u00e8 nulla di imprevedibile in quello che \u00e8 successo. Imprevedibile era dove, quando, chi. A Ponte Somalia, venerd\u00ec 12 aprile \u00e8 toccato a <strong>Enrico Formenti<\/strong>.<br \/>\nChiss\u00e0 perch\u00e9 la percezione di quanto intollerabile sia una situazione avviene sempre dopo che i fatti, largamente annunciati, si verificano. E, talvolta, nemmeno dopo.<br \/>\nNel 2005 a una Commissione parlamentare d&#8217;inchiesta sugli infortuni sul lavoro, il prefetto <strong>Giuseppe Romano<\/strong>, dopo aver informato della creazione di un ufficio sulla sicurezza negli ambienti di lavoro indirizzato soprattutto sul comparto dell&#8217;edilizia (nel novembre 2003 era morto l&#8217;operaio albanese <strong>Albert Kolgjegja<\/strong> nel cantiere del Museo del Mare), ha aggiunto: &#8220;Preciso che avevo pensato di allargare l&#8217;orizzonte degli interventi in altri ambiti, come quello portuale. A dire la verit\u00e0, per\u00f2, non ci sono stati elementi di richiamo che mi spingessero ad interessarmi anche dell&#8217;ambito portuale e della cantieristica in genere, talch\u00e9 il focus \u00e8 rimasto l&#8217;ambiente dell&#8217;edilizia&#8221;. Ma dimenticava che l&#8217;operaio peruviano <strong>Jos\u00e9 Luis Fernandez Barbeton<\/strong>, proprio in porto, alcuni mesi prima (giugno 2004), era rimasto schiacciato sotto un blocco di cemento. Gi\u00e0 allora il lavoro portuale era tra quelli con pi\u00f9 alto rischio infortunistico.<br \/>\nDopo la tragedia, anche il porto \u00e8 diventato focus. Alla riunione del luned\u00ec 16 aprile in prefettura i rappresentanti dei lavoratori hanno chiesto che le &#8220;strutture dell&#8217;autorit\u00e0 portuale e dell&#8217;Asl costituiscano un unico gruppo di vigilanza e interventi\u2026, ma soprattutto la costituzione di un coordinamento di rappresentanza dei lavoratori che si occupi della sicurezza in tutto il porto e <strong>che abbia l&#8217;agibilit\u00e0 in ogni terminal per 24 ore al giorno<\/strong>&#8221; (<em>Corriere mercantile<\/em>, 17 aprile). Proposta radicale se si pensa che &#8220;la prima cosa che fanno [i terminalisti] appena ottengono una concessione dall&#8217;Autorit\u00e0 portuale \u00e8 cintare tutto, con reti e addirittura con il filo spinato, e sembra quasi di lavorare nella striscia di Gaza&#8221; (<strong>Gianni Cirri<\/strong>, nel film reportage di Pietro Orsatti &#8220;De M\u00e4, trasformazione e declino&#8221;). Per il 26 aprile \u00e8 previsto in prefettura l&#8217;incontro con i terminalisti.<br \/>\n<strong><em>(Oscar Itzcovich)<\/em><\/strong><\/p>\n","protected":false},"excerpt":{"rendered":"<p>Presidente Tofani. Signor prefetto, intanto la ringrazio sia per l&#8217;accoglienza e la disponibilit\u00e0 sia per la documentazione che ci ha consegnato, la quale sar\u00e0 sicuramente per noi un elemento importante di riflessione, sia soprattutto per la conferma, rispetto ai dati di cui eravamo gi\u00e0 in possesso, del fatto che non ci troviamo di fronte a [&hellip;]<\/p>\n","protected":false},"author":1,"featured_media":0,"comment_status":"open","ping_status":"closed","sticky":false,"template":"","format":"standard","meta":{"footnotes":""},"categories":[146,8],"tags":[],"class_list":["post-1145","post","type-post","status-publish","format-standard","hentry","category-146","category-lavoro"],"_links":{"self":[{"href":"https:\/\/www.olinews.it\/mt\/index.php?rest_route=\/wp\/v2\/posts\/1145","targetHints":{"allow":["GET"]}}],"collection":[{"href":"https:\/\/www.olinews.it\/mt\/index.php?rest_route=\/wp\/v2\/posts"}],"about":[{"href":"https:\/\/www.olinews.it\/mt\/index.php?rest_route=\/wp\/v2\/types\/post"}],"author":[{"embeddable":true,"href":"https:\/\/www.olinews.it\/mt\/index.php?rest_route=\/wp\/v2\/users\/1"}],"replies":[{"embeddable":true,"href":"https:\/\/www.olinews.it\/mt\/index.php?rest_route=%2Fwp%2Fv2%2Fcomments&post=1145"}],"version-history":[{"count":0,"href":"https:\/\/www.olinews.it\/mt\/index.php?rest_route=\/wp\/v2\/posts\/1145\/revisions"}],"wp:attachment":[{"href":"https:\/\/www.olinews.it\/mt\/index.php?rest_route=%2Fwp%2Fv2%2Fmedia&parent=1145"}],"wp:term":[{"taxonomy":"category","embeddable":true,"href":"https:\/\/www.olinews.it\/mt\/index.php?rest_route=%2Fwp%2Fv2%2Fcategories&post=1145"},{"taxonomy":"post_tag","embeddable":true,"href":"https:\/\/www.olinews.it\/mt\/index.php?rest_route=%2Fwp%2Fv2%2Ftags&post=1145"}],"curies":[{"name":"wp","href":"https:\/\/api.w.org\/{rel}","templated":true}]}}