{"id":1210,"date":"2007-06-20T09:48:42","date_gmt":"2007-06-20T09:48:42","guid":{"rendered":"http:\/\/www.comevedonoidaltonici.com\/wordpress\/?p=1210"},"modified":"2007-06-20T09:48:42","modified_gmt":"2007-06-20T09:48:42","slug":"cartoline-miscellanea-dal-mondo-dellinformazione","status":"publish","type":"post","link":"https:\/\/www.olinews.it\/mt\/?p=1210","title":{"rendered":"<em>Cartoline<\/em> &#8211; Miscellanea dal mondo dell&#8217;informazione"},"content":{"rendered":"<p>Luned\u00ec 18 febbraio, ore 13.52. Il GR3 d\u00e0 la parola, sulla questione delle intercettazioni e della pubblicazione degli interrogatori del furbetto romano del quartierino, a Fabrizio Cicchetto, ex socialista lombardiano in giovent\u00f9, poi tessera P2 n. 945, oggi autorevole rappresentante di F.I. Scandalo e monnezza (rumenta per i genovesi), dice. Certo, adesso hanno interessato anche il suo capo. Prima andavano bene.<\/p>\n<p><!--more--><br \/>\nLuned\u00ec 18 giugno, ore 14. Parte il TG3 regionale della Liguria. Tre notizie di seguito. La prima riguarda un accoltellamento a La Spezia di un giovane domenicano (i frati non c&#8217;entrano, \u00e8 della Repubblica Dominicana) da parte della fidanzata gelosa e incinta. La seconda. Arrestato un rom che rubava nelle case di un quartiere genovese. La terza. Dopo sei mesi di indagini sgominata una banda che agiva sulla linea Grosseto-Genova. Manco a dirlo, un rumeno e cinque albanesi. Per fortuna che, a dirigerli, c&#8217;era un italiano, se cos\u00ec si pu\u00f2 ancora dire di un meridionale, dopo le minacce leghiste di una nuova marcia su Roma. Viva la sicurezza. Poi, a met\u00e0 tg, il centoventesimo servizio dall&#8217;inizio dell&#8217;anno su un&#8217;iniziativa con Claudio Scajola, l&#8217;intramontabile imperatore di Imperia, ministro dell&#8217;interno del G8. Per equilibrare, si fa per dire, anche due parole col presidente della Regione, che con Scajola fa coppia spesso. Troppo spesso.<br \/>\nLuned\u00ec 18 giugno, ore 14.38. Il TG3 nazionale mostra un filmato sulle violenze a danno di due ragazzini immigrati praticate da alcuni poliziotti greci ad Atene. Poi d\u00e0 la notizia: quei poliziotti sono stati sospesi dal servizio. Invece alla Diaz i capi, quelli che le violenze oltre a farle le ordinavano o le applaudivano, li hanno promossi e gli autori materiali li hanno ignorati. Gi\u00e0, erano travisati, con i caschi e le sciarpe, come i black bloc, anche quelli indicati dal vicequestore Fournier. E poi, quando il tribunale chiese le fotografie segnaletiche degli agenti al ministero dell&#8217;interno, Scajola mand\u00f2 in formato francobollo quelle scattate quando frequentavano l&#8217;asilo. Irriconoscibili. Attendiamo il centoventunesimo servizio da Imperia.<br \/>\n<strong><em>(Giuliano Giuliani) <\/em><\/strong><\/p>\n","protected":false},"excerpt":{"rendered":"<p>Luned\u00ec 18 febbraio, ore 13.52. Il GR3 d\u00e0 la parola, sulla questione delle intercettazioni e della pubblicazione degli interrogatori del furbetto romano del quartierino, a Fabrizio Cicchetto, ex socialista lombardiano in giovent\u00f9, poi tessera P2 n. 945, oggi autorevole rappresentante di F.I. Scandalo e monnezza (rumenta per i genovesi), dice. Certo, adesso hanno interessato anche [&hellip;]<\/p>\n","protected":false},"author":1,"featured_media":0,"comment_status":"open","ping_status":"closed","sticky":false,"template":"","format":"standard","meta":{"footnotes":""},"categories":[154,13],"tags":[],"class_list":["post-1210","post","type-post","status-publish","format-standard","hentry","category-154","category-informazione"],"_links":{"self":[{"href":"https:\/\/www.olinews.it\/mt\/index.php?rest_route=\/wp\/v2\/posts\/1210","targetHints":{"allow":["GET"]}}],"collection":[{"href":"https:\/\/www.olinews.it\/mt\/index.php?rest_route=\/wp\/v2\/posts"}],"about":[{"href":"https:\/\/www.olinews.it\/mt\/index.php?rest_route=\/wp\/v2\/types\/post"}],"author":[{"embeddable":true,"href":"https:\/\/www.olinews.it\/mt\/index.php?rest_route=\/wp\/v2\/users\/1"}],"replies":[{"embeddable":true,"href":"https:\/\/www.olinews.it\/mt\/index.php?rest_route=%2Fwp%2Fv2%2Fcomments&post=1210"}],"version-history":[{"count":0,"href":"https:\/\/www.olinews.it\/mt\/index.php?rest_route=\/wp\/v2\/posts\/1210\/revisions"}],"wp:attachment":[{"href":"https:\/\/www.olinews.it\/mt\/index.php?rest_route=%2Fwp%2Fv2%2Fmedia&parent=1210"}],"wp:term":[{"taxonomy":"category","embeddable":true,"href":"https:\/\/www.olinews.it\/mt\/index.php?rest_route=%2Fwp%2Fv2%2Fcategories&post=1210"},{"taxonomy":"post_tag","embeddable":true,"href":"https:\/\/www.olinews.it\/mt\/index.php?rest_route=%2Fwp%2Fv2%2Ftags&post=1210"}],"curies":[{"name":"wp","href":"https:\/\/api.w.org\/{rel}","templated":true}]}}