{"id":1214,"date":"2007-06-20T09:56:24","date_gmt":"2007-06-20T09:56:24","guid":{"rendered":"http:\/\/www.comevedonoidaltonici.com\/wordpress\/?p=1214"},"modified":"2007-06-20T09:56:24","modified_gmt":"2007-06-20T09:56:24","slug":"emergenza-aeroporto-un-futuro-in-mezzo-al-mare","status":"publish","type":"post","link":"https:\/\/www.olinews.it\/mt\/?p=1214","title":{"rendered":"<em>Emergenza <\/em>&#8211; Aeroporto: un futuro in mezzo al mare?"},"content":{"rendered":"<p>Emergenza aeroporto. Secondo <em>Repubblica <\/em>(14 e 15 giugno 2007), il Cristoforo Colombo sarebbe in grave sofferenza. Ci sarebbe un piano che il ministro dei Trasporti Alessandro Bianchi sta predisponendo che declasserebbe l&#8217;aeroporto. Il suo destino (nazionale, regionale o locale) sarebbe segnato perch\u00e9 dipenderebbe dal traffico annuale di passeggeri. Per restare nazionale (ma non era &#8220;internazionale&#8221;?) il Colombo dovrebbe avere un traffico al di sopra del milione di passeggeri e, quindi, &#8220;Genova, che attorno a quella cifra veleggia da una decina d&#8217;anni, deve accelerare mettendo a punto un&#8217;accorta politica di marketing che le consenta finalmente di radicare al &#8220;Colombo&#8221; nuovi vettori&#8221;.<\/p>\n<p><!--more--><br \/>\n&#8220;L&#8217;accorta politica di marketing&#8221; era stata gi\u00e0 tracciata dal nuovo Cda dell&#8217;aeroporto nominato, come riporta il <em>Secolo XIX<\/em> del 1\u00b0 giugno, con una scelta definita da Marta Vincenzi &#8220;formalmente corretta, ma politicamente discutibile&#8221; perch\u00e9 fatta a urne aperte, con il sindaco ancora da insediarsi. Il nuovo presidente dell&#8217;aeroporto, Marco Arato ha spiegato che per salvare l&#8217;aeroporto occorre &#8220;un impegno corale di tutte le istituzioni&#8221; sul modello di quanto \u00e8 stato fatto per l&#8217;aeroporto di Torino, dove gli enti pubblici sosterranno l&#8217;arrivo di nuove compagnie low cost con venti milioni di contributi&#8221; (che andrebbero, si intende, alle stesse compagnie) (<em>Repubblica<\/em>, 6 giugno). In questo momento &#8211; ha detto Arato sul Secolo XIX dello stesso giorno &#8211; sono in corso contatti con la Regione Liguria che spero diano buoni frutti.<br \/>\nMa quello del Colombo, sempre secondo <em>Repubblica<\/em>, non \u00e8 solo un problema di numeri, di traffico. E&#8217; anche un problema di sicurezza. Per quanto riguarda l&#8217;area aeroportuale e la lunghezza della pista il confronto con i principali scali italiani sarebbe a dir poco impietoso. Altro punto dolente &#8220;\u00e8 dettato della sua collocazione a ridosso della citt\u00e0 e delle banchine portuali&#8230; Si pu\u00f2 e si deve operare rispettando rigidissime norme, come quella del cono aereo, che condiziona l&#8217;altezza delle gru portuali e limita l&#8217;operativit\u00e0 del porto. Problema analogo per il porto petroli: quando \u00e8 in fase di atterraggio un aereo, \u00e8 bloccato il movimento delle petroliere&#8221;.<br \/>\nSecondo <em>Repubblica <\/em>per superare la &#8220;criticit\u00e0&#8221; del Colombo bisogna decidere subito. O adeguare la pista dell&#8217;aeroporto (ma date le premesse, sembra improbabile) o attuare il trasferimento dell&#8217;aeroporto in mare nel modo previsto dal progetto di Renzo Piano.<br \/>\nSecondo altre fonti &#8220;la pista di Genova non ha mai avuto problemi di operativit\u00e0 con nessun aeromobile, per decenni&#8221; (vedi per esempio il forum che su questo tema si \u00e8 aperto su <a href=\"http:\/\/www.aviazionecivile.it\">www.aviazionecivile.it<\/a>).<br \/>\nDomande. Possibile che la &#8220;criticit\u00e0&#8221; sia emersa improvvisamente, all&#8217;insaputa di tutti? Altrimenti, come ha potuto l&#8217;Enac (Ente nazionale per l&#8217;aviazione civile) consegnare nel maggio 2005 alla societ\u00e0 di gestione dell&#8217;aeroporto un&#8217;attestazione che certifica la conformit\u00e0 dell&#8217;aeroporto di Genova al &#8220;Regolamento per la costruzione e l&#8217;esercizio degli aeroporti&#8221;?<br \/>\nUn&#8217;altra domanda da fare a proposito di Aeroporto Spa \u00e8 quella posta da Giorgio Carozzi sul <em>Secolo XIX<\/em> del 5 giugno: &#8220;Come si pu\u00f2 pensare di arricchire capitale e business di un&#8217;azienda mostrandone solo crepe, anomalie e miseria commerciale?&#8221; Adesso tocca all&#8217;ex-sindaco Pericu, ora nel Cda dell&#8217;aeroporto, valutare la fattibilit\u00e0 tecnica ed economica del trasferimento dell&#8217;aeroporto a mare previsto nel progettato di Renzo Piano (si parla di un costo di cinque miliardi di euro).<br \/>\n<strong><em>(Oscar Itzcovich)<\/em><\/strong><\/p>\n","protected":false},"excerpt":{"rendered":"<p>Emergenza aeroporto. Secondo Repubblica (14 e 15 giugno 2007), il Cristoforo Colombo sarebbe in grave sofferenza. Ci sarebbe un piano che il ministro dei Trasporti Alessandro Bianchi sta predisponendo che declasserebbe l&#8217;aeroporto. Il suo destino (nazionale, regionale o locale) sarebbe segnato perch\u00e9 dipenderebbe dal traffico annuale di passeggeri. Per restare nazionale (ma non era &#8220;internazionale&#8221;?) [&hellip;]<\/p>\n","protected":false},"author":1,"featured_media":0,"comment_status":"open","ping_status":"closed","sticky":false,"template":"","format":"standard","meta":{"footnotes":""},"categories":[154,20],"tags":[],"class_list":["post-1214","post","type-post","status-publish","format-standard","hentry","category-154","category-citta"],"_links":{"self":[{"href":"https:\/\/www.olinews.it\/mt\/index.php?rest_route=\/wp\/v2\/posts\/1214","targetHints":{"allow":["GET"]}}],"collection":[{"href":"https:\/\/www.olinews.it\/mt\/index.php?rest_route=\/wp\/v2\/posts"}],"about":[{"href":"https:\/\/www.olinews.it\/mt\/index.php?rest_route=\/wp\/v2\/types\/post"}],"author":[{"embeddable":true,"href":"https:\/\/www.olinews.it\/mt\/index.php?rest_route=\/wp\/v2\/users\/1"}],"replies":[{"embeddable":true,"href":"https:\/\/www.olinews.it\/mt\/index.php?rest_route=%2Fwp%2Fv2%2Fcomments&post=1214"}],"version-history":[{"count":0,"href":"https:\/\/www.olinews.it\/mt\/index.php?rest_route=\/wp\/v2\/posts\/1214\/revisions"}],"wp:attachment":[{"href":"https:\/\/www.olinews.it\/mt\/index.php?rest_route=%2Fwp%2Fv2%2Fmedia&parent=1214"}],"wp:term":[{"taxonomy":"category","embeddable":true,"href":"https:\/\/www.olinews.it\/mt\/index.php?rest_route=%2Fwp%2Fv2%2Fcategories&post=1214"},{"taxonomy":"post_tag","embeddable":true,"href":"https:\/\/www.olinews.it\/mt\/index.php?rest_route=%2Fwp%2Fv2%2Ftags&post=1214"}],"curies":[{"name":"wp","href":"https:\/\/api.w.org\/{rel}","templated":true}]}}