{"id":1215,"date":"2007-06-20T10:10:32","date_gmt":"2007-06-20T10:10:32","guid":{"rendered":"http:\/\/www.comevedonoidaltonici.com\/wordpress\/?p=1215"},"modified":"2007-06-20T10:10:32","modified_gmt":"2007-06-20T10:10:32","slug":"analisi-la-politica-dello-spreco-e-la-sinistra","status":"publish","type":"post","link":"https:\/\/www.olinews.it\/mt\/?p=1215","title":{"rendered":"<em>Analisi <\/em>&#8211; La politica dello spreco e la sinistra"},"content":{"rendered":"<p>Astensione in crescita, crisi della politica e intolleranza verso i suoi costi, distacco sempre pi\u00f9 siderale tra chi governa a tutti i livelli e chi \u00e8 governato, le tasse viste come una aggressione da cui difendersi (se si pu\u00f2) e non come il proprio contributo ad un bene comune, isolamento di ogni pezzo di societ\u00e0 nella difesa dei suoi specifici interessi o privilegi: di tutto ci\u00f2 si parla molto, da molto tempo. La malattia \u00e8 grave e conclamata. Nessuno \u00e8 in grado di indicare una via di uscita. La lontananza tra persone e politica sembra giunta ad un punto di non ritorno e segna una specie di distinzione antropologica tra chi si propone per svolgere un ruolo politico e lo assume, e i cittadini nel loro complesso. Un tempo c&#8217;era una contiguit\u00e0 di vita, di esperienze, una condivisione di linguaggi che permetteva un riconoscimento reciproco. Ora si vive in mondi separati, i rappresentati guardano il rappresentante, che magari hanno votato, con distacco critico e latente ostilit\u00e0, e alla prima ombra che viene sollevata sono pronti a pensare di lui, con relativa soddisfazione, il peggio possibile. In questi giorni sui giornali \u00e8 stata sollevato il dubbio di un conflitto di interessi in capo alla persona di Marta Vincenzi. Risposte sono state date a mezzo stampa e a settembre vi sar\u00e0 una udienza. Ma anche se il caso si sgonfia, qualsiasi chiarimento annegher\u00e0 nello scetticismo di fondo di buona parte dei cittadini.<\/p>\n<p><!--more--><br \/>\nL&#8217;eziologia del disastro e le sue moltissime componenti sono da tempo materia di discussione ed analisi. Una di queste \u00e8 l&#8217;incredibile spreco che si \u00e8 compiuto in questi anni della generosit\u00e0 partecipativa di una parte della nostra societ\u00e0.<br \/>\nRipercorro alcune tappe: nel 2001 il G8, centinaia di migliaia di persone ad esporsi, a rischiare, a pensare e proporre, e le grandi organizzazioni politiche e sindacali a misurare col bilancino i pro e i contro, ben attente a non farsi toccare. Nel 2002 i tre milioni in piazza per l&#8217; &#8220;articolo 18&#8221;, l&#8217;emozionata illusione di aver trovato &#8220;il leader&#8221; con la maiuscola, e a distanza di cinque anni che sembrano un secolo il decadimento del leader a sindaco contestato, e un mondo del lavoro sempre pi\u00f9 diviso. Ancora nel 2002: la nascita dei girotondi, la loro lucidissima accusa della lontananza della sinistra dalla societ\u00e0, ed anche qui bilancini, distinguo, mancanza di coraggio e di verit\u00e0. Nel 2003 le manifestazioni contro la guerra in Irak, un fenomeno mondiale, e una immensa sconfitta. Nel 2006 l&#8217;imprevisto ed effimero successo post femminista delle donne di &#8220;Usciamo dal silenzio&#8221;. In questi giorni le migliaia di &#8220;etero&#8221; al Gay Pride a sostegno di tre parole evidentement e molto popolari: &#8220;parit\u00e0, dignit\u00e0, laicit\u00e0&#8221;.<br \/>\nI temi in grado di coinvolgere le persone, sono stati tutti indicati, sottolineati, gridati, spiegati.<br \/>\nMa la politica si occupa solo di se stessa, mentre gli eredi auto proclamati di questi grandi episodi collettivi, se ne stanno isolati in gruppi sempre pi\u00f9 frammentati e ristretti, a darsi ragione tra di loro.<br \/>\n<strong><em>(Paola Pierantoni)<\/em><\/strong><\/p>\n","protected":false},"excerpt":{"rendered":"<p>Astensione in crescita, crisi della politica e intolleranza verso i suoi costi, distacco sempre pi\u00f9 siderale tra chi governa a tutti i livelli e chi \u00e8 governato, le tasse viste come una aggressione da cui difendersi (se si pu\u00f2) e non come il proprio contributo ad un bene comune, isolamento di ogni pezzo di societ\u00e0 [&hellip;]<\/p>\n","protected":false},"author":1,"featured_media":0,"comment_status":"open","ping_status":"closed","sticky":false,"template":"","format":"standard","meta":{"footnotes":""},"categories":[154,10],"tags":[],"class_list":["post-1215","post","type-post","status-publish","format-standard","hentry","category-154","category-politica"],"_links":{"self":[{"href":"https:\/\/www.olinews.it\/mt\/index.php?rest_route=\/wp\/v2\/posts\/1215","targetHints":{"allow":["GET"]}}],"collection":[{"href":"https:\/\/www.olinews.it\/mt\/index.php?rest_route=\/wp\/v2\/posts"}],"about":[{"href":"https:\/\/www.olinews.it\/mt\/index.php?rest_route=\/wp\/v2\/types\/post"}],"author":[{"embeddable":true,"href":"https:\/\/www.olinews.it\/mt\/index.php?rest_route=\/wp\/v2\/users\/1"}],"replies":[{"embeddable":true,"href":"https:\/\/www.olinews.it\/mt\/index.php?rest_route=%2Fwp%2Fv2%2Fcomments&post=1215"}],"version-history":[{"count":0,"href":"https:\/\/www.olinews.it\/mt\/index.php?rest_route=\/wp\/v2\/posts\/1215\/revisions"}],"wp:attachment":[{"href":"https:\/\/www.olinews.it\/mt\/index.php?rest_route=%2Fwp%2Fv2%2Fmedia&parent=1215"}],"wp:term":[{"taxonomy":"category","embeddable":true,"href":"https:\/\/www.olinews.it\/mt\/index.php?rest_route=%2Fwp%2Fv2%2Fcategories&post=1215"},{"taxonomy":"post_tag","embeddable":true,"href":"https:\/\/www.olinews.it\/mt\/index.php?rest_route=%2Fwp%2Fv2%2Ftags&post=1215"}],"curies":[{"name":"wp","href":"https:\/\/api.w.org\/{rel}","templated":true}]}}