{"id":1216,"date":"2007-06-20T10:13:34","date_gmt":"2007-06-20T10:13:34","guid":{"rendered":"http:\/\/www.comevedonoidaltonici.com\/wordpress\/?p=1216"},"modified":"2007-06-20T10:13:34","modified_gmt":"2007-06-20T10:13:34","slug":"depuratori2-tra-regione-e-comune-botta-e-risposta","status":"publish","type":"post","link":"https:\/\/www.olinews.it\/mt\/?p=1216","title":{"rendered":"<em>Depuratori\/2<\/em> &#8211; Tra Regione e Comune botta e risposta"},"content":{"rendered":"<p><em>Repubblica <\/em>16 giugno &#8220;La battaglia di Burlando: sistemate quel depuratore&#8221;. Consapevole della tortura inflitta ai cittadini di Cornigliano dai miasmi del loro depuratore, il presidente della Regione &#8220;con tutto il peso della sua carica istituzionale&#8221; ha invitato il neosindaco ad effettuare tutte le azioni necessarie per riportare la normalit\u00e0. Dopo due mesi di lavoro l&#8217;Arpal ha infatti stabilito che il percolato proveniente dalla discarica di Scarpino &#8211; i liquami prodotti dai rifiuti &#8211; non \u00e8 trattato; la depurazione non \u00e8 completa e la delegazione \u00e8 appestata dalle puzze. Lo scarico nei pressi della foce del Polcevera \u00e8 quello della famosa moria dei cefali degli ultimi anni.<\/p>\n<p><!--more--><br \/>\nA questo punto i depuratori che non funzionano sono almeno due. E siamo solo all&#8217;inizio.<br \/>\nDal Comune rispondono a Burlando con un po&#8217; di irritazione. Ma cosa ti gira? Siamo qui da 10 giorni e non potevamo certo fare pi\u00f9 che richiedere a Mediterranea Acque, gestore della depurazione, e agli uffici comunali di fare rapidamente il punto.<br \/>\nRisposta ragionevole. Poich\u00e9 in questi anni non si \u00e8 fatto nulla salvo prendere per il sedere il prossimo raccontando fole, siamo alla stessa situazione dell&#8217;anno scorso, di due anni fa, di tre anni fa ecc.<br \/>\nRisposta discreta: perch\u00e9 non ha ricordato alla Regione le sue responsabilit\u00e0 istituzionali in materia.<br \/>\nPer i cittadini che volessero saperne di pi\u00f9 \u00e8 assolutamente inutile cercare sul lussuoso sito informatico di Arpal, l&#8217;agenzia regionale per l&#8217;ambiente. Non ci si trova la mappa regionale dei depuratori; non \u00e8 possibile sapere quanti siano, dove, con quali caratteristiche, quali i tempi di funzionamento reali e delle manutenzioni annuali, i guasti, le responsabilit\u00e0 ecc. Due anni fa la ASL Chiavarese pubblic\u00f2 un documento relativo alla Riviera di levante dove si spiegava che la depurazione esistente era sottodimensionata rispetto alle esigenze correnti e addirittura si riduceva al 50% nella stagione estiva col raddoppio della popolazione. All&#8217;Arpal lo sapranno? E del cromo esavalente sulle spiagge alla foce del Lerone? Bandiera azzurra?<br \/>\n<strong><em>(Manlio Calegari)<\/em><\/strong><\/p>\n","protected":false},"excerpt":{"rendered":"<p>Repubblica 16 giugno &#8220;La battaglia di Burlando: sistemate quel depuratore&#8221;. Consapevole della tortura inflitta ai cittadini di Cornigliano dai miasmi del loro depuratore, il presidente della Regione &#8220;con tutto il peso della sua carica istituzionale&#8221; ha invitato il neosindaco ad effettuare tutte le azioni necessarie per riportare la normalit\u00e0. Dopo due mesi di lavoro l&#8217;Arpal [&hellip;]<\/p>\n","protected":false},"author":1,"featured_media":0,"comment_status":"open","ping_status":"closed","sticky":false,"template":"","format":"standard","meta":{"footnotes":""},"categories":[154,22,20],"tags":[],"class_list":["post-1216","post","type-post","status-publish","format-standard","hentry","category-154","category-ambiente","category-citta"],"_links":{"self":[{"href":"https:\/\/www.olinews.it\/mt\/index.php?rest_route=\/wp\/v2\/posts\/1216","targetHints":{"allow":["GET"]}}],"collection":[{"href":"https:\/\/www.olinews.it\/mt\/index.php?rest_route=\/wp\/v2\/posts"}],"about":[{"href":"https:\/\/www.olinews.it\/mt\/index.php?rest_route=\/wp\/v2\/types\/post"}],"author":[{"embeddable":true,"href":"https:\/\/www.olinews.it\/mt\/index.php?rest_route=\/wp\/v2\/users\/1"}],"replies":[{"embeddable":true,"href":"https:\/\/www.olinews.it\/mt\/index.php?rest_route=%2Fwp%2Fv2%2Fcomments&post=1216"}],"version-history":[{"count":0,"href":"https:\/\/www.olinews.it\/mt\/index.php?rest_route=\/wp\/v2\/posts\/1216\/revisions"}],"wp:attachment":[{"href":"https:\/\/www.olinews.it\/mt\/index.php?rest_route=%2Fwp%2Fv2%2Fmedia&parent=1216"}],"wp:term":[{"taxonomy":"category","embeddable":true,"href":"https:\/\/www.olinews.it\/mt\/index.php?rest_route=%2Fwp%2Fv2%2Fcategories&post=1216"},{"taxonomy":"post_tag","embeddable":true,"href":"https:\/\/www.olinews.it\/mt\/index.php?rest_route=%2Fwp%2Fv2%2Ftags&post=1216"}],"curies":[{"name":"wp","href":"https:\/\/api.w.org\/{rel}","templated":true}]}}