{"id":1294,"date":"2007-10-03T10:36:51","date_gmt":"2007-10-03T10:36:51","guid":{"rendered":"http:\/\/www.comevedonoidaltonici.com\/wordpress\/?p=1294"},"modified":"2007-10-03T10:36:51","modified_gmt":"2007-10-03T10:36:51","slug":"informazione-allergia-da-eccesso-di-compiacenza","status":"publish","type":"post","link":"https:\/\/www.olinews.it\/mt\/?p=1294","title":{"rendered":"Informazione &#8211; Allergia da eccesso di compiacenza"},"content":{"rendered":"<p>Non serve buttarla sul cinico o sul ridicolo per spiegare il paradosso di un paese forse unico al mondo (il nostro), dove ci vuole un comico per smuovere iter (insabbiati) di leggi che dovrebbero essere normali, elementari: esempio, impedire l&#8217;elezione in Parlamento a politici condannati per reati gravi, come la corruzione, colpevoli cio\u00e8 di azioni incompatibili con la dignit\u00e0 della funzione legislativa. (E&#8217; un attacco a Berlusconi, grida fin d&#8217;ora la cosiddetta casa della libert\u00e0 preannunciando barricate; dato a sua volta utile per capire chi non vuole cambiare le cose.)<\/p>\n<p><!--more--><br \/>\nSe nell&#8217;indecenza regnante (lo scandalo dei parlamentari pi\u00f9 pagati d&#8217;Europa, degli &#8220;on.&#8221; pregiudicati che siedono alle Camere o all&#8217;antimafia, del costo astronomico della politica, ecc.) c&#8217;\u00e8 ora una probabilit\u00e0 in pi\u00f9 (non tante) di porre qualche limite, si deve all&#8217;onda montante della protesta dal basso verso gli inquilini del palazzo. Grillo ha solo dato la sua mimica a un&#8217;insofferenza diffusa, ormai a livello di guardia. &#8220;Cosa alimenta l&#8217;antipolitica&#8221; lo ha spiegato con grande lucidit\u00e0 Sandro Viola (Repubblica del 25\/9), citando il contributo non secondario dato dai media col loro modo per lo meno compiacente di fare informazione: dalle sei-sette pagine dedicate ogni giorno dai principali quotidiani ai riti del politichese, fino ai telegiornali pubblici (gli altri sono la voce del padrone e basta) che ci propongono da sempre ogni sera, senza eccezioni, la sfilata delle stesse facce e dei soliti fiati di aria fritta, uno spettacolo insopportabile che provoca all ergia.<br \/>\nFin qui le responsabilit\u00e0, non da poco, di un sistema che vuole la Rai-Tv al servizio dei partiti, nel modo pi\u00f9 sciatto e controproducente che conosciamo; ma non si pu\u00f2 ignorare quanto di proprio ci mettono personalmente molti funzionari di redazione che hanno smarrito, o sempre ignorato, il senso del lavoro giornalistico e i suoi doveri verso il pubblico. L&#8217;andazzo \u00e8 tale che se un intervistatore non \u00e8 genuflesso, diventa automaticamente un &#8220;cecchino&#8221;: vedi la reazione del ministro della Giustizia, Mastella, che ha definito un &#8220;agguato mediatico&#8221; la puntata di Ballar\u00f2 perch\u00e9 gli sono state rivolte domande sul faraonico appartamento da 26 stanze acquistato a prezzo di favore, sulla pensione da giornalista maturata con un solo anno di lavoro e su altre fortune familiari di moglie e figli. Chiarimenti ne ha da dato pochi, salvo dire che non ci pu\u00f2 far nulla se la sua signora \u00e8 avvenente e anche simpatica. Patetico, ma coerente con uno stile informativo affermato.<br \/>\n<strong><em>(Camillo Arcuri)<\/em><\/strong><\/p>\n","protected":false},"excerpt":{"rendered":"<p>Non serve buttarla sul cinico o sul ridicolo per spiegare il paradosso di un paese forse unico al mondo (il nostro), dove ci vuole un comico per smuovere iter (insabbiati) di leggi che dovrebbero essere normali, elementari: esempio, impedire l&#8217;elezione in Parlamento a politici condannati per reati gravi, come la corruzione, colpevoli cio\u00e8 di azioni [&hellip;]<\/p>\n","protected":false},"author":1,"featured_media":0,"comment_status":"open","ping_status":"closed","sticky":false,"template":"","format":"standard","meta":{"footnotes":""},"categories":[163,13],"tags":[],"class_list":["post-1294","post","type-post","status-publish","format-standard","hentry","category-163","category-informazione"],"_links":{"self":[{"href":"https:\/\/www.olinews.it\/mt\/index.php?rest_route=\/wp\/v2\/posts\/1294","targetHints":{"allow":["GET"]}}],"collection":[{"href":"https:\/\/www.olinews.it\/mt\/index.php?rest_route=\/wp\/v2\/posts"}],"about":[{"href":"https:\/\/www.olinews.it\/mt\/index.php?rest_route=\/wp\/v2\/types\/post"}],"author":[{"embeddable":true,"href":"https:\/\/www.olinews.it\/mt\/index.php?rest_route=\/wp\/v2\/users\/1"}],"replies":[{"embeddable":true,"href":"https:\/\/www.olinews.it\/mt\/index.php?rest_route=%2Fwp%2Fv2%2Fcomments&post=1294"}],"version-history":[{"count":0,"href":"https:\/\/www.olinews.it\/mt\/index.php?rest_route=\/wp\/v2\/posts\/1294\/revisions"}],"wp:attachment":[{"href":"https:\/\/www.olinews.it\/mt\/index.php?rest_route=%2Fwp%2Fv2%2Fmedia&parent=1294"}],"wp:term":[{"taxonomy":"category","embeddable":true,"href":"https:\/\/www.olinews.it\/mt\/index.php?rest_route=%2Fwp%2Fv2%2Fcategories&post=1294"},{"taxonomy":"post_tag","embeddable":true,"href":"https:\/\/www.olinews.it\/mt\/index.php?rest_route=%2Fwp%2Fv2%2Ftags&post=1294"}],"curies":[{"name":"wp","href":"https:\/\/api.w.org\/{rel}","templated":true}]}}