{"id":1313,"date":"2007-10-17T09:47:06","date_gmt":"2007-10-17T09:47:06","guid":{"rendered":"http:\/\/www.comevedonoidaltonici.com\/wordpress\/?p=1313"},"modified":"2007-10-17T09:47:06","modified_gmt":"2007-10-17T09:47:06","slug":"scajola-story-una-grande-assenza-al-processo-del-g8","status":"publish","type":"post","link":"https:\/\/www.olinews.it\/mt\/?p=1313","title":{"rendered":"Scajola story &#8211; Una grande assenza al processo del G8"},"content":{"rendered":"<p>Credo che i genovesi non abbiano ancora capito perch\u00e9 mai un personaggio discusso come Scaiola debba presiedere il Copaco, organismo di una qualche importanza, n\u00e9 perch\u00e9 il personaggio non compaia tra le persone &#8220;informate sui fatti&#8221; nel processo per i disastri a Genova collegato al G8. Per la verit\u00e0 di informazioni dirette l&#8217;ex ministro agli Interni non si sa quante possa averne nel bagaglio della memoria, in quanto brill\u00f2 per la sua assenza da Genova in quei giorni. Si accontent\u00f2 di dichiarare, giorni prima, che &#8220;sarebbe stata garantita la libert\u00e0 di dimostrare, non quella di devastare tutto&#8221; (cit. a mem.), poi lasci\u00f2 che i vari Fini, Bornacin, Ascierto andassero a &#8220;confortare&#8221; i poliziotti antisommossa, con quali risultati tutti abbiamo visto. N\u00e9 ebbe il pudore di dimettersi, come avrebbe fatto qualunque uomo politico anglosassone, ma rest\u00f2 saldamente sulla poltrona e a toglierlo di mezzo ci volle la vergognosa esternazione sul prof. Biagi, che pur e stava rendendo un servizio, in quel tempo, al governo Berlusconi. Da quel processo i genovesi si aspettano qualche chiarimento anche su questa penosa vicenda.<br \/>\n<strong><em>(Giovanni Meriana) <\/em><\/strong><\/p>\n","protected":false},"excerpt":{"rendered":"<p>Credo che i genovesi non abbiano ancora capito perch\u00e9 mai un personaggio discusso come Scaiola debba presiedere il Copaco, organismo di una qualche importanza, n\u00e9 perch\u00e9 il personaggio non compaia tra le persone &#8220;informate sui fatti&#8221; nel processo per i disastri a Genova collegato al G8. Per la verit\u00e0 di informazioni dirette l&#8217;ex ministro agli [&hellip;]<\/p>\n","protected":false},"author":1,"featured_media":0,"comment_status":"open","ping_status":"closed","sticky":false,"template":"","format":"standard","meta":{"footnotes":""},"categories":[165,10],"tags":[],"class_list":["post-1313","post","type-post","status-publish","format-standard","hentry","category-165","category-politica"],"_links":{"self":[{"href":"https:\/\/www.olinews.it\/mt\/index.php?rest_route=\/wp\/v2\/posts\/1313","targetHints":{"allow":["GET"]}}],"collection":[{"href":"https:\/\/www.olinews.it\/mt\/index.php?rest_route=\/wp\/v2\/posts"}],"about":[{"href":"https:\/\/www.olinews.it\/mt\/index.php?rest_route=\/wp\/v2\/types\/post"}],"author":[{"embeddable":true,"href":"https:\/\/www.olinews.it\/mt\/index.php?rest_route=\/wp\/v2\/users\/1"}],"replies":[{"embeddable":true,"href":"https:\/\/www.olinews.it\/mt\/index.php?rest_route=%2Fwp%2Fv2%2Fcomments&post=1313"}],"version-history":[{"count":0,"href":"https:\/\/www.olinews.it\/mt\/index.php?rest_route=\/wp\/v2\/posts\/1313\/revisions"}],"wp:attachment":[{"href":"https:\/\/www.olinews.it\/mt\/index.php?rest_route=%2Fwp%2Fv2%2Fmedia&parent=1313"}],"wp:term":[{"taxonomy":"category","embeddable":true,"href":"https:\/\/www.olinews.it\/mt\/index.php?rest_route=%2Fwp%2Fv2%2Fcategories&post=1313"},{"taxonomy":"post_tag","embeddable":true,"href":"https:\/\/www.olinews.it\/mt\/index.php?rest_route=%2Fwp%2Fv2%2Ftags&post=1313"}],"curies":[{"name":"wp","href":"https:\/\/api.w.org\/{rel}","templated":true}]}}