{"id":1314,"date":"2007-10-17T09:48:12","date_gmt":"2007-10-17T09:48:12","guid":{"rendered":"http:\/\/www.comevedonoidaltonici.com\/wordpress\/?p=1314"},"modified":"2007-10-17T09:48:12","modified_gmt":"2007-10-17T09:48:12","slug":"ramadam-festa-italo-islamica-con-qualche-vuoto","status":"publish","type":"post","link":"https:\/\/www.olinews.it\/mt\/?p=1314","title":{"rendered":"Ramadam &#8211; Festa italo-islamica con qualche vuoto"},"content":{"rendered":"<p>Sabato 13 ottobre per la festa di fine Ramadam organizzata dalla Associazione &#8220;La Palma&#8221; tutti i posti a sedere dell&#8217;auditorium di Palazzo Rosso sono occupati, molte le persone in piedi. A sinistra le donne, prevalentemente col velo, a destra gli uomini, molti tra loro vestiti con giacca e cravatta, nessuno con la jallaba. Tantissimi i bambini. In aggiunta un certo numero di italiani che hanno raccolto l&#8217;invito alla cittadinanza e alle autorit\u00e0 affisso alla porta del centro di preghiera di via del Campo per questa festa.<\/p>\n<p><!--more--><br \/>\nIl 25 Settembre <em>Il Secolo XIX <\/em>aveva dedicato a questa moschea &#8220;informale&#8221; tutta la prima pagina della sua sezione locale: il luogo della preghiera si era infatti trasferito da un piccolo spiazzo all&#8217;aperto tra vico della Croce Bianca e vico dei Fregoso, ciclicamente ricoperto dai tappeti per la preghiera del venerd\u00ec, ai fondi dello stabile n. 13 di via del Campo, acquistati coi soldi raccolti da una sottoscrizione lanciata dal Centro culturale &#8220;Khalid Ibn Al Walid&#8221;. L&#8217;articolo evidenziava i problemi che si delineavano all&#8217;orizzonte: i fondi in questione infatti non hanno attualmente l&#8217;agibilit\u00e0 per essere usati come luogo di culto o di riunione. Ma dalle testimonianze raccolte era anche chiaro che non esistevano particolari tensioni nel quartiere, da anni abituato ad assistere al rito settimanale del venerd\u00ec o a quello quotidiano del periodo del Ramadam, .<br \/>\nLa festa di sabato \u00e8 stata evidentemente pensata dai cittadini islamici per compiere un gesto di avvicinamento e di relazione. Tutto \u00e8 stato organizzato con grande attenzione: l&#8217;accoglienza e l&#8217;accompagnamento degli ospiti, l&#8217;esibizione di un complesso vocale di buon livello, un piccolo gioco con i bambini, i pasticcini offerti in vassoi confezionati con cura e, soprattutto, i discorsi tenuti in lingua italiana. Ospite di rilievo Hamza Piccardo, presidente dell&#8217;UCOII e direttore del sito islamonline.it, che rivolge al pubblico una predica religiosa.<br \/>\nMa le parole pi\u00f9 interessanti vengono dal presidente della Associazione &#8220;La Palma&#8221;, collegata al centro di preghiera di via del Campo. L&#8217;oratore viene presentato con molto onore, sul tavolo da cui parla ci sono mazzi di rose. Chi abita in zona lo conosce, gestisce un esercizio commerciale nel centro storico. Dice dei sei anni di esperienza della sua associazione che vuole promuovere il dialogo interculturale, favorire l&#8217;integrazione degli islamici nel tessuto culturale e sociale genovese. Parla del valore della convivenza e della tolleranza, ma ripete pi\u00f9 volte che questo non basta: quello che serve \u00e8 la partecipazione alla vita cittadina, per combattere l&#8217;ignoranza e la violenza, per contribuire a costruire un Islam europeo.<br \/>\nSiri, presidente di centrodestra della Circoscrizione, \u00e8 presente e rivolge ai presenti un garbato saluto. Assente invece la giunta comunale. Peccato. E&#8217; dal tempo (fine anni &#8217;90) dello sfratto della moschea dalla vecchia sede di via Bologna che Genova gira intorno, senza risolverla, alla questione dei luoghi di culto islamici. Una presa di contatto diretta col fatto che la realt\u00e0 \u00e8 indifferente ai continui rinvii istituzionali e procede per la sua strada sarebbe pi\u00f9 che utile.<br \/>\n<strong><em>(Paola Pierantoni)<\/em><\/strong><\/p>\n","protected":false},"excerpt":{"rendered":"<p>Sabato 13 ottobre per la festa di fine Ramadam organizzata dalla Associazione &#8220;La Palma&#8221; tutti i posti a sedere dell&#8217;auditorium di Palazzo Rosso sono occupati, molte le persone in piedi. A sinistra le donne, prevalentemente col velo, a destra gli uomini, molti tra loro vestiti con giacca e cravatta, nessuno con la jallaba. Tantissimi i [&hellip;]<\/p>\n","protected":false},"author":1,"featured_media":0,"comment_status":"open","ping_status":"closed","sticky":false,"template":"","format":"standard","meta":{"footnotes":""},"categories":[165,7,10],"tags":[],"class_list":["post-1314","post","type-post","status-publish","format-standard","hentry","category-165","category-immigrazione","category-politica"],"_links":{"self":[{"href":"https:\/\/www.olinews.it\/mt\/index.php?rest_route=\/wp\/v2\/posts\/1314","targetHints":{"allow":["GET"]}}],"collection":[{"href":"https:\/\/www.olinews.it\/mt\/index.php?rest_route=\/wp\/v2\/posts"}],"about":[{"href":"https:\/\/www.olinews.it\/mt\/index.php?rest_route=\/wp\/v2\/types\/post"}],"author":[{"embeddable":true,"href":"https:\/\/www.olinews.it\/mt\/index.php?rest_route=\/wp\/v2\/users\/1"}],"replies":[{"embeddable":true,"href":"https:\/\/www.olinews.it\/mt\/index.php?rest_route=%2Fwp%2Fv2%2Fcomments&post=1314"}],"version-history":[{"count":0,"href":"https:\/\/www.olinews.it\/mt\/index.php?rest_route=\/wp\/v2\/posts\/1314\/revisions"}],"wp:attachment":[{"href":"https:\/\/www.olinews.it\/mt\/index.php?rest_route=%2Fwp%2Fv2%2Fmedia&parent=1314"}],"wp:term":[{"taxonomy":"category","embeddable":true,"href":"https:\/\/www.olinews.it\/mt\/index.php?rest_route=%2Fwp%2Fv2%2Fcategories&post=1314"},{"taxonomy":"post_tag","embeddable":true,"href":"https:\/\/www.olinews.it\/mt\/index.php?rest_route=%2Fwp%2Fv2%2Ftags&post=1314"}],"curies":[{"name":"wp","href":"https:\/\/api.w.org\/{rel}","templated":true}]}}