{"id":1321,"date":"2007-10-24T17:46:52","date_gmt":"2007-10-24T17:46:52","guid":{"rendered":"http:\/\/www.comevedonoidaltonici.com\/wordpress\/?p=1321"},"modified":"2007-10-24T17:46:52","modified_gmt":"2007-10-24T17:46:52","slug":"miopi-rinvii-una-moschea-per-pregare-lontano-dalla-monnezza","status":"publish","type":"post","link":"https:\/\/www.olinews.it\/mt\/?p=1321","title":{"rendered":"Miopi rinvii &#8211; Una moschea per pregare lontano dalla monnezza"},"content":{"rendered":"<p>&#8220;Siamo stati sfrattati dall&#8217;unico luogo della provincia di Genova dove potevamo praticare la nostra religione, svolgere attivit\u00e0 sociali, culturali, educative. Una moschea (centro culturale islamico) \u00e8 un fatto di civilt\u00e0\u2026 La libert\u00e0 religiosa \u00e8 un diritto costituzionale&#8221;. Cos\u00ec diceva un volantino del lontano 1999, firmato Centro Islamico culturale di Genova.<br \/>\nLa fotografia (<a href=\"http:\/\/www.olinews.it\/mt\/images\/moschea1.jpg\">cliccare qui<\/a>), presa nel Giugno 2005, ritrae la vita ordinaria di uno dei centri di preghiera islamici (quello di vico dei Fregoso, accanto ai mezzi dell&#8217;Amiu), sorti informalmente qua e l\u00e0 nella citt\u00e0 dopo la cancellazione della moschea di via Bologna.<\/p>\n<p><!--more--><br \/>\nDal 1999 ad oggi assistiamo in merito ad  una sequenza di impegni disattesi, rinvii, rimpalli di responsabilit\u00e0 che stanno facendo vivere a migliaia di islamici genovesi una frustrazione molto pesante: la negazione di fatto della dignit\u00e0 del loro credo religioso e della loro cultura, l&#8217;esperienza vissuta del dovere praticare i propri riti in condizioni avvilenti.<br \/>\nDire, come ha detto la sindaco Marta Vincenzi, che la moschea si far\u00e0, &#8220;che non vi \u00e8 alcun pregiudizio da parte nostra&#8221;, ma che non crede &#8220;che si tratti di una priorit\u00e0 per il 2009&#8221; (<I>Il Secolo XIX<\/I> del 27 settembre 2007) \u00e8 una sottovalutazione di questa vicenda.<br \/>\nSarebbe finalmente di sfidare l&#8217;impopolarit\u00e0 di cui parlava Bruno Gabrielli (Repubblica del 30 settembre 2007) non solo per affermare valori che sono propri della democrazia, ma anche per non mettere in difficolt\u00e0 chi, tra i cittadini di cultura islamica, si impegna da anni per  diffondere nella propria comunit\u00e0 la ricerca del dialogo e della convivenza armoniosa con la citt\u00e0 ospitante.<br \/>\n<strong><em>(Paola Pierantoni)<\/em><\/strong><\/p>\n","protected":false},"excerpt":{"rendered":"<p>&#8220;Siamo stati sfrattati dall&#8217;unico luogo della provincia di Genova dove potevamo praticare la nostra religione, svolgere attivit\u00e0 sociali, culturali, educative. Una moschea (centro culturale islamico) \u00e8 un fatto di civilt\u00e0\u2026 La libert\u00e0 religiosa \u00e8 un diritto costituzionale&#8221;. Cos\u00ec diceva un volantino del lontano 1999, firmato Centro Islamico culturale di Genova. La fotografia (cliccare qui), presa [&hellip;]<\/p>\n","protected":false},"author":1,"featured_media":0,"comment_status":"open","ping_status":"closed","sticky":false,"template":"","format":"standard","meta":{"footnotes":""},"categories":[166,20,16,11,7],"tags":[],"class_list":["post-1321","post","type-post","status-publish","format-standard","hentry","category-166","category-citta","category-cultura","category-diritti-umani","category-immigrazione"],"_links":{"self":[{"href":"https:\/\/www.olinews.it\/mt\/index.php?rest_route=\/wp\/v2\/posts\/1321","targetHints":{"allow":["GET"]}}],"collection":[{"href":"https:\/\/www.olinews.it\/mt\/index.php?rest_route=\/wp\/v2\/posts"}],"about":[{"href":"https:\/\/www.olinews.it\/mt\/index.php?rest_route=\/wp\/v2\/types\/post"}],"author":[{"embeddable":true,"href":"https:\/\/www.olinews.it\/mt\/index.php?rest_route=\/wp\/v2\/users\/1"}],"replies":[{"embeddable":true,"href":"https:\/\/www.olinews.it\/mt\/index.php?rest_route=%2Fwp%2Fv2%2Fcomments&post=1321"}],"version-history":[{"count":0,"href":"https:\/\/www.olinews.it\/mt\/index.php?rest_route=\/wp\/v2\/posts\/1321\/revisions"}],"wp:attachment":[{"href":"https:\/\/www.olinews.it\/mt\/index.php?rest_route=%2Fwp%2Fv2%2Fmedia&parent=1321"}],"wp:term":[{"taxonomy":"category","embeddable":true,"href":"https:\/\/www.olinews.it\/mt\/index.php?rest_route=%2Fwp%2Fv2%2Fcategories&post=1321"},{"taxonomy":"post_tag","embeddable":true,"href":"https:\/\/www.olinews.it\/mt\/index.php?rest_route=%2Fwp%2Fv2%2Ftags&post=1321"}],"curies":[{"name":"wp","href":"https:\/\/api.w.org\/{rel}","templated":true}]}}