{"id":1325,"date":"2007-10-24T17:57:25","date_gmt":"2007-10-24T17:57:25","guid":{"rendered":"http:\/\/www.comevedonoidaltonici.com\/wordpress\/?p=1325"},"modified":"2007-10-24T17:57:25","modified_gmt":"2007-10-24T17:57:25","slug":"giustizia-il-silenzio-di-prodi-lira-di-mastella","status":"publish","type":"post","link":"https:\/\/www.olinews.it\/mt\/?p=1325","title":{"rendered":"Giustizia &#8211; Il silenzio di Prodi l&#8217;ira di Mastella"},"content":{"rendered":"<p>La vecchia arma dell&#8217;avocazione, sempre incombente fin dai tempi dei vecchi scandali di regime (petroli e via dicendo), dunque esiste ancora, come ha ricordato il pg di Catanzaro a chi ha memoria corta dei fasti giudiziari. Il pm De Magistris, &#8220;colpevole&#8221; di avere rivolto le sue indagini sul guardasigilli Mastella e sullo stesso premier Prodi, si \u00e8 visto togliere di mano dal superiore gerarchico il pesante fascicolo, destinato probabilmente a cure pi\u00f9 riguardose. Al centro dell&#8217;inchiesta ci sono le solite intercettazioni telefoniche, quindi le tracce dei rapporti poco chiari mantenuti da affaristi ex dc con potenti di turno per lucrare sui fondi dell&#8217;Ue all&#8217;agricoltura del Sud, una truffa di dimensioni gigantesche.<\/p>\n<p><!--more--><br \/>\nIl caso, detto non tanto per inciso, rischia di fare cadere il governo e rimettere in sella il personaggio che pi\u00f9 di ogni altro ha fatto strame della giustizia; quindi \u00e8 spiegabile, almeno in parte, tutta l&#8217;attenzione riservata dai mezzi d&#8217;informazione ai suoi effetti pi\u00f9 ancora che ai fatti posti all&#8217;origine. Sapremo un giorno (almeno si spera) se e quanto sia fondato il &#8220;fumus&#8221; accusatorio (sufficiente per la dovuta iscrizione nel registro degli indagati) a carico dei due uomini di governo. Nel frattempo \u00e8 difficile non notare le diverse linee di comportamento degli interessati. Il premier, piaccia o no, si \u00e8 astenuto dall&#8217;esternare la rituale &#8220;sorpresa e indignazione&#8221;, preferendo dimostrare col silenzio la tanto reiterata, a parole, &#8220;fiducia nella magistratura&#8221;. Una volta tanto, insomma, un leader italiano si \u00e8 comportato con la dignit\u00e0 che ci fa invidiare i politici dei paesi di pi\u00f9 salda tradizione democratica.<br \/>\nDiverso lo stile mastelliano: si va dalla richiesta di trasferimento d&#8217;urgenza del magistrato scomodo (tesi respinta dal Csm), alle reazioni rabbiose in terra americana, dove ha preso a male parole alcuni incauti contestatori d&#8217;oltreoceano, fino al colpo di teatro finale: appreso che le indagini riguardano anche lui, dopo aver ripetuto di essere una persona onesta, ha dichiarato improvvisamente che &#8220;non c&#8217;\u00e8 pi\u00f9 la maggioranza&#8221; (quasi la capacit\u00e0 di insabbiamento fosse prova di tenuta del governo), aggiungendo la minaccia che &#8220;ormai \u00e8 meglio andare a votare&#8221;. Parole che suonano come musica a chi vuol tornare alla guida del Paese per chiudere i conti con i non allineati, cominciando dai giudici.<br \/>\n<strong><em>(Camillo Arcuri)<\/em><\/strong><\/p>\n","protected":false},"excerpt":{"rendered":"<p>La vecchia arma dell&#8217;avocazione, sempre incombente fin dai tempi dei vecchi scandali di regime (petroli e via dicendo), dunque esiste ancora, come ha ricordato il pg di Catanzaro a chi ha memoria corta dei fasti giudiziari. Il pm De Magistris, &#8220;colpevole&#8221; di avere rivolto le sue indagini sul guardasigilli Mastella e sullo stesso premier Prodi, [&hellip;]<\/p>\n","protected":false},"author":1,"featured_media":0,"comment_status":"open","ping_status":"closed","sticky":false,"template":"","format":"standard","meta":{"footnotes":""},"categories":[166,17,10],"tags":[],"class_list":["post-1325","post","type-post","status-publish","format-standard","hentry","category-166","category-giustizia","category-politica"],"_links":{"self":[{"href":"https:\/\/www.olinews.it\/mt\/index.php?rest_route=\/wp\/v2\/posts\/1325","targetHints":{"allow":["GET"]}}],"collection":[{"href":"https:\/\/www.olinews.it\/mt\/index.php?rest_route=\/wp\/v2\/posts"}],"about":[{"href":"https:\/\/www.olinews.it\/mt\/index.php?rest_route=\/wp\/v2\/types\/post"}],"author":[{"embeddable":true,"href":"https:\/\/www.olinews.it\/mt\/index.php?rest_route=\/wp\/v2\/users\/1"}],"replies":[{"embeddable":true,"href":"https:\/\/www.olinews.it\/mt\/index.php?rest_route=%2Fwp%2Fv2%2Fcomments&post=1325"}],"version-history":[{"count":0,"href":"https:\/\/www.olinews.it\/mt\/index.php?rest_route=\/wp\/v2\/posts\/1325\/revisions"}],"wp:attachment":[{"href":"https:\/\/www.olinews.it\/mt\/index.php?rest_route=%2Fwp%2Fv2%2Fmedia&parent=1325"}],"wp:term":[{"taxonomy":"category","embeddable":true,"href":"https:\/\/www.olinews.it\/mt\/index.php?rest_route=%2Fwp%2Fv2%2Fcategories&post=1325"},{"taxonomy":"post_tag","embeddable":true,"href":"https:\/\/www.olinews.it\/mt\/index.php?rest_route=%2Fwp%2Fv2%2Ftags&post=1325"}],"curies":[{"name":"wp","href":"https:\/\/api.w.org\/{rel}","templated":true}]}}