{"id":1327,"date":"2007-10-31T17:50:51","date_gmt":"2007-10-31T17:50:51","guid":{"rendered":"http:\/\/www.comevedonoidaltonici.com\/wordpress\/?p=1327"},"modified":"2007-10-31T17:50:51","modified_gmt":"2007-10-31T17:50:51","slug":"la-fine-della-rete","status":"publish","type":"post","link":"https:\/\/www.olinews.it\/mt\/?p=1327","title":{"rendered":"La fine della rete?"},"content":{"rendered":"<p>Il Consiglio dei Ministri ha approvato il 12 ottobre scorso il disegno di legge Levi-Prodi Nuova disciplina dell&#8217;editoria, che ha scatenato immediatamente l\u2019ira del cosiddetto \u201cpopolo della rete\u201d. L\u2019oggetto dello scandalo \u00e8 l\u2019obbligo di iscrizione da parte di tutti i soggetti che svolgano attivit\u00e0 editoriale su internet al Registro degli Operatori di comunicazione (ROC) (art.7), e al fatto che si intenda per attivit\u00e0 editoriale su internet \u201cqualsiasi prodotto contraddistinto da finalit\u00e0 di informazione, di formazione, di divulgazione, di intrattenimento,che sia destinato alla pubblicazione\u201d(art.2).<\/p>\n<p><!--more--><br \/>\nAntonio Di Pietro spiega sul suo blog che il ddl \u00e8 stato approvato senza esser discusso poich\u00e9 presentato come provvedimento di routine, e dichiara la sua ferma contrariet\u00e0.<br \/>\nNei giorni successivi l\u2019estensore del disegno di legge, Ricardo Franco Levi, annuncia l\u2019aggiunta all\u2019art.7 del comma: &#8220;Sono esclusi dall&#8217;obbligo di iscrizione al ROC i soggetti che accedono ad internet o operano su internet in forme o con prodotti, come i siti personali o ad uso collettivo che non costituiscono un&#8217;organizzazione imprenditoriale del lavoro&#8221;.<br \/>\nLa modifica non soddisfa n\u00e9 Mario Adinolfi (candidato blogger alle primarie del Pd), n\u00e9 Giuseppe Giulietti, i quali avrebbero preferito l\u2019abolizione dell\u2019intero art.7, mentre molte voci sollevano dubbi sull\u2019interpretazione di \u201csito personale\u201d, o dubbi tout court sul significato di \u201corganizzazione imprenditoriale del lavoro\u201d.<br \/>\nUna breve ricerca con Google associa immediatamente \u201clegge Levi-Prodi\u201d con \u201cfine della rete\u201d: sorgono spontanee alcune considerazioni: Ricardo Franco Levi proviene da una carriera di giornalista professionista, ed ora \u00e8 sottosegretario alla presidenza del Consiglio con delega alla informazione e l\u2019editoria: come \u00e8 possibile non prevedere l\u2019impatto di tali norme sulla galassia dei bloggers? . Come \u00e8 possibile che una normativa sull\u2019editoria e l\u2019informazione(!) non sia discussa in Consiglio dei Ministri in quanto provvedimento di routine? A nessun ministro scatta qualche antenna? Oppure il disegno di legge viene approvato, pensando che prima che diventi legge, se lo diventer\u00e0, di tempo ne dovr\u00e0 passare?  (non sarebbe molto serio neppure questo).<br \/>\nNon ho risposte: ricordo solo un sito di musica ellenica (estensione .gr), che, vessato dal corrispettivo greco della SIAE, \u00e8 stato tramutato in un dominio delle isole Vanatu (estensione .vu). La rete ha fantasia\u2026..<br \/>\nRicordo in conclusione che \u00e8 possibile sottoscrivere una petizione per la modifica del ddl all\u2019indirizzo www.petitiononline.com\/nolegglp\/petition.html: ad oggi (28.10.07) sono state raccolte oltre 4400 firme.<br \/>\n<i>(Ivo Ruello)<\/i><\/p>\n","protected":false},"excerpt":{"rendered":"<p>Newsletter n. 161<\/p>\n","protected":false},"author":1,"featured_media":0,"comment_status":"open","ping_status":"closed","sticky":false,"template":"","format":"standard","meta":{"footnotes":""},"categories":[167,160],"tags":[],"class_list":["post-1327","post","type-post","status-publish","format-standard","hentry","category-167","category-lettere"],"_links":{"self":[{"href":"https:\/\/www.olinews.it\/mt\/index.php?rest_route=\/wp\/v2\/posts\/1327","targetHints":{"allow":["GET"]}}],"collection":[{"href":"https:\/\/www.olinews.it\/mt\/index.php?rest_route=\/wp\/v2\/posts"}],"about":[{"href":"https:\/\/www.olinews.it\/mt\/index.php?rest_route=\/wp\/v2\/types\/post"}],"author":[{"embeddable":true,"href":"https:\/\/www.olinews.it\/mt\/index.php?rest_route=\/wp\/v2\/users\/1"}],"replies":[{"embeddable":true,"href":"https:\/\/www.olinews.it\/mt\/index.php?rest_route=%2Fwp%2Fv2%2Fcomments&post=1327"}],"version-history":[{"count":0,"href":"https:\/\/www.olinews.it\/mt\/index.php?rest_route=\/wp\/v2\/posts\/1327\/revisions"}],"wp:attachment":[{"href":"https:\/\/www.olinews.it\/mt\/index.php?rest_route=%2Fwp%2Fv2%2Fmedia&parent=1327"}],"wp:term":[{"taxonomy":"category","embeddable":true,"href":"https:\/\/www.olinews.it\/mt\/index.php?rest_route=%2Fwp%2Fv2%2Fcategories&post=1327"},{"taxonomy":"post_tag","embeddable":true,"href":"https:\/\/www.olinews.it\/mt\/index.php?rest_route=%2Fwp%2Fv2%2Ftags&post=1327"}],"curies":[{"name":"wp","href":"https:\/\/api.w.org\/{rel}","templated":true}]}}