{"id":1352,"date":"2007-11-14T17:50:26","date_gmt":"2007-11-14T17:50:26","guid":{"rendered":"http:\/\/www.comevedonoidaltonici.com\/wordpress\/?p=1352"},"modified":"2007-11-14T17:50:26","modified_gmt":"2007-11-14T17:50:26","slug":"porto2-un-tecnico-da-bruxelles-sotto-la-lanterna","status":"publish","type":"post","link":"https:\/\/www.olinews.it\/mt\/?p=1352","title":{"rendered":"Porto\/2 &#8211; Un tecnico da Bruxelles sotto la Lanterna?"},"content":{"rendered":"<p>Un tecnico. In linguaggio aziendale il ruolo rappresenta esperienza, conoscenza, &#8220;saper fare&#8221;. E&#8217; una figura importante perch\u00e9 conosce linguaggi e settore, ha frequentato le maestranze, ed ha le competenze per risolvere i problemi. Non \u00e8 detto che abbia abilit\u00e0 politica, ma quando la situazione \u00e8 grave questo non \u00e8 un dato rilevante poich\u00e9 le sue capacit\u00e0 superano di gran lunga questa pecca, per il semplice fatto che &#8220;il tecnico&#8221; sa di cosa parla. Al tecnico si ricorre quando la situazione \u00e8 disperata. Normalmente accade durante le privatizzazioni, in situazioni al collasso o laddove gli appetiti in campo sono tali che solo una figura esterna, di esperienza comprovata, pu\u00f2 farvi fronte. Nell&#8217;immaginario collettivo il tecnico \u00e8 una figura spietata, senza remore, chiamata da un luogo lontano capace di valutare con distacco, senza contaminazioni, il quadro esistente. Il cinema ci offre numerosi esempi, sono personaggi soli, samurai, capitani coraggiosi, sceriffi.<\/p>\n<p><!--more--><br \/>\n&#8220;Scatta la gara per la presidenza&#8221; \u00e8 il titolo di un articolo a firma Giorgio Carozzi e Francesco Ferrari sul <I>Secolo XIX<\/I> il 3 novembre 2007. La bramata poltrona \u00e8 quella dell&#8217;autorit\u00e0 portuale, vacante a breve termine perch\u00e9, \u00e8 assodato, Giovanni Novi ha fatto il suo corso e, dato il clima, si \u00e8 chiamato fuori dalla corsa alle candidature. Le ragioni di questa mancata rinomina e l&#8217;analisi dei fatti non sono area di riflessione politica. L&#8217;articolo del <I>Secolo XIX<\/I> \u00e8 un contributo prezioso perch\u00e9 disegna un rituale collaudato che ricorda certe forme di arti marziali alle quali ad un gesto ne segue un altro senza riprodurne per\u00f2 la stessa armonia. I nomi &#8220;in prima fila&#8221; sarebbero quelli di Roberta Pinotti, in &#8220;quota rosa&#8221;, Mario Margini, Graziano Mazzarello e  Luigi Merlo. A seguire Bruno Musso. Nell&#8217;articolo viene segnalata anche una probabile candidatura di Giuseppe Pericu, che smentisce su <I>Lavoro-Repubblica<\/I> dell&#8217;11 novembre di essere disponibile per l&#8217;incarico perch\u00e9 pi\u00f9 attratto, per competenza ed esperienza, al posto di consigliere nella Corte Costituzionale. Roberta Pinotti \u00e8, sulla carta, gi\u00e0 molto occupata come presidente della Commissione Difesa della Camera dei Deputati e nel gotha del neonato PD. In coda arrivano altri nomi di avvocati e city managers.<br \/>\n<br \/>La presidenza del porto di Genova appare, cos\u00ec descritta, come quello che \u00e8 nelle sue segrete stanze, un luogo di potere, dove il potere non pu\u00f2 produrre alcunch\u00e9, intento com&#8217;\u00e8 a farsi occupare da altri poteri attigui. Che eserciteranno il loro potere.<br \/>\n<br \/>Quale sorpresa se si cercasse a Rotterdam o a Bruxelles una persona capace.<br \/>\n<strong><em>(Giulia Parodi)<\/em><\/strong><\/p>\n","protected":false},"excerpt":{"rendered":"<p>Un tecnico. In linguaggio aziendale il ruolo rappresenta esperienza, conoscenza, &#8220;saper fare&#8221;. E&#8217; una figura importante perch\u00e9 conosce linguaggi e settore, ha frequentato le maestranze, ed ha le competenze per risolvere i problemi. Non \u00e8 detto che abbia abilit\u00e0 politica, ma quando la situazione \u00e8 grave questo non \u00e8 un dato rilevante poich\u00e9 le sue [&hellip;]<\/p>\n","protected":false},"author":1,"featured_media":0,"comment_status":"open","ping_status":"closed","sticky":false,"template":"","format":"standard","meta":{"footnotes":""},"categories":[169,10],"tags":[],"class_list":["post-1352","post","type-post","status-publish","format-standard","hentry","category-169","category-politica"],"_links":{"self":[{"href":"https:\/\/www.olinews.it\/mt\/index.php?rest_route=\/wp\/v2\/posts\/1352","targetHints":{"allow":["GET"]}}],"collection":[{"href":"https:\/\/www.olinews.it\/mt\/index.php?rest_route=\/wp\/v2\/posts"}],"about":[{"href":"https:\/\/www.olinews.it\/mt\/index.php?rest_route=\/wp\/v2\/types\/post"}],"author":[{"embeddable":true,"href":"https:\/\/www.olinews.it\/mt\/index.php?rest_route=\/wp\/v2\/users\/1"}],"replies":[{"embeddable":true,"href":"https:\/\/www.olinews.it\/mt\/index.php?rest_route=%2Fwp%2Fv2%2Fcomments&post=1352"}],"version-history":[{"count":0,"href":"https:\/\/www.olinews.it\/mt\/index.php?rest_route=\/wp\/v2\/posts\/1352\/revisions"}],"wp:attachment":[{"href":"https:\/\/www.olinews.it\/mt\/index.php?rest_route=%2Fwp%2Fv2%2Fmedia&parent=1352"}],"wp:term":[{"taxonomy":"category","embeddable":true,"href":"https:\/\/www.olinews.it\/mt\/index.php?rest_route=%2Fwp%2Fv2%2Fcategories&post=1352"},{"taxonomy":"post_tag","embeddable":true,"href":"https:\/\/www.olinews.it\/mt\/index.php?rest_route=%2Fwp%2Fv2%2Ftags&post=1352"}],"curies":[{"name":"wp","href":"https:\/\/api.w.org\/{rel}","templated":true}]}}