{"id":1469,"date":"2008-02-20T09:41:53","date_gmt":"2008-02-20T09:41:53","guid":{"rendered":"http:\/\/www.comevedonoidaltonici.com\/wordpress\/?p=1469"},"modified":"2008-02-20T09:41:53","modified_gmt":"2008-02-20T09:41:53","slug":"194-a-difendere-le-donne-ci-pensa-ferrara","status":"publish","type":"post","link":"https:\/\/www.olinews.it\/mt\/?p=1469","title":{"rendered":"194 &#8211; A difendere le donne ci pensa Ferrara"},"content":{"rendered":"<p>Qualche giorno fa a &#8220;Prima pagina&#8221; (rassegna stampa di Radio3) la segnalazione di una ascoltatrice: Giuliano Ferrara, intervistato al TG1, aveva affermato che negli ultimi trent&#8217;anni si \u00e8 verificato un miliardo di aborti. Nessun riferimento al ambito geografico a cui si riferiva questo numero apocalittico.<br \/>\nLa signora si chiedeva: che modo \u00e8 questo di fare informazione? Da un lato c&#8217;\u00e8 un giornalista (Ferrara) che usa strumentalmente un indimostrabile dato mondiale giocando sull&#8217;ambiguit\u00e0 del contesto, con l&#8217;evidente intento di spaventare ed influenzare irriflessive anime italiane, dall&#8217;altro, cosa almeno altrettanto grave, un altro giornalista (Gianni Riotta) che non ha sentito il dovere di una precisazione. Per fare informazione, aggiungeva l&#8217;ascoltatrice, non basta mettere un microfono in mano ad una persona famosa. Il conduttore di Prima Pagina del momento (Renzo Foa, direttore di Liberal) svicola e risponde di non poter esprimere giudizi sui propri colleghi. Ecco, nel breve arco di un minuto e mezzo, una bella sintesi della nostra informazione malata.<\/p>\n<p><!--more--><br \/>\nIntanto il giornalista Ferrara, mentre proclama di non voler modificare la legge 194, criminalizza oscenamente le donne. Osa dire (Repubblica del 17 febbraio) che &#8220;in Italia l&#8217;aborto \u00e8 diventato una pratica eugenetica generalizzata&#8221;, quando sa benissimo che il ricorso all&#8217;aborto con la legge 194 \u00e8 diminuito del 60 % tra le donne italiane, e del 40 % in termini generali. Definisce la fecondazione assistita &#8220;un aborto in vitro&#8221;, equipara di fatto l&#8217;aborto alla pena di morte: moratoria per l&#8217;una e moratoria per l&#8217;altro. Questo delirio non \u00e8 tuttavia risibile perch\u00e9 per sabotare in modo grave la legge 194 non \u00e8 indispensabile una modifica legislativa: \u00e8 sufficiente creare un clima di stigma sociale e culturale, a cui le donne pi\u00f9 fragili ed esposte, ad esempio le immigrate, faticheranno ad opporsi. A ben vedere c&#8217;\u00e8 anche del razzismo in questo attacco alla 194 in un&#8217;epoca in cui le donne straniere vi ricorrono in proporzione sensibilmente superiore alle italiane.<br \/>\nPer fortuna mentre a Genova Giuliano Ferrara lanciava la minaccia &#8220;Le donne ora le difendo io&#8221;, le donne genovesi lo hanno lasciato da solo in compagnia con l&#8217;Opus Dei, ed hanno dato <strong>appuntamento per sabato 23 febbraio alle 16.30 in Piazza De Ferrari,<\/strong> in difesa di una legge diventata simbolo.<br \/>\n<strong><em>(Paola Pierantoni)<\/em><\/strong><\/p>\n","protected":false},"excerpt":{"rendered":"<p>Qualche giorno fa a &#8220;Prima pagina&#8221; (rassegna stampa di Radio3) la segnalazione di una ascoltatrice: Giuliano Ferrara, intervistato al TG1, aveva affermato che negli ultimi trent&#8217;anni si \u00e8 verificato un miliardo di aborti. Nessun riferimento al ambito geografico a cui si riferiva questo numero apocalittico. La signora si chiedeva: che modo \u00e8 questo di fare [&hellip;]<\/p>\n","protected":false},"author":1,"featured_media":0,"comment_status":"open","ping_status":"closed","sticky":false,"template":"","format":"standard","meta":{"footnotes":""},"categories":[182,13,10],"tags":[],"class_list":["post-1469","post","type-post","status-publish","format-standard","hentry","category-182","category-informazione","category-politica"],"_links":{"self":[{"href":"https:\/\/www.olinews.it\/mt\/index.php?rest_route=\/wp\/v2\/posts\/1469","targetHints":{"allow":["GET"]}}],"collection":[{"href":"https:\/\/www.olinews.it\/mt\/index.php?rest_route=\/wp\/v2\/posts"}],"about":[{"href":"https:\/\/www.olinews.it\/mt\/index.php?rest_route=\/wp\/v2\/types\/post"}],"author":[{"embeddable":true,"href":"https:\/\/www.olinews.it\/mt\/index.php?rest_route=\/wp\/v2\/users\/1"}],"replies":[{"embeddable":true,"href":"https:\/\/www.olinews.it\/mt\/index.php?rest_route=%2Fwp%2Fv2%2Fcomments&post=1469"}],"version-history":[{"count":0,"href":"https:\/\/www.olinews.it\/mt\/index.php?rest_route=\/wp\/v2\/posts\/1469\/revisions"}],"wp:attachment":[{"href":"https:\/\/www.olinews.it\/mt\/index.php?rest_route=%2Fwp%2Fv2%2Fmedia&parent=1469"}],"wp:term":[{"taxonomy":"category","embeddable":true,"href":"https:\/\/www.olinews.it\/mt\/index.php?rest_route=%2Fwp%2Fv2%2Fcategories&post=1469"},{"taxonomy":"post_tag","embeddable":true,"href":"https:\/\/www.olinews.it\/mt\/index.php?rest_route=%2Fwp%2Fv2%2Ftags&post=1469"}],"curies":[{"name":"wp","href":"https:\/\/api.w.org\/{rel}","templated":true}]}}