{"id":1472,"date":"2008-02-27T10:05:25","date_gmt":"2008-02-27T10:05:25","guid":{"rendered":"http:\/\/www.comevedonoidaltonici.com\/wordpress\/?p=1472"},"modified":"2008-02-27T10:05:25","modified_gmt":"2008-02-27T10:05:25","slug":"elezioni-immigrati-parliamone-seriamente","status":"publish","type":"post","link":"https:\/\/www.olinews.it\/mt\/?p=1472","title":{"rendered":"Elezioni: immigrati, parliamone seriamente"},"content":{"rendered":"<p>Sembra certo che il 13 aprile in contemporanea alle elezioni politiche si svolgeranno, nelle regioni e nei comuni interessati, anche quelle amministrative. E&#8217; una buona decisione, che mi auguro definitiva anche per il futuro. Sono troppi i periodi in cui il nostro paese vive in campagna elettorale tra elezioni politiche, amministrative ed europee. Svolgere diverse elezioni in un solo giorno non \u00e8 importante solo perch\u00e9 serve a risparmiare danaro pubblico, ma perch\u00e9 nei periodi elettorali prevalgono litigi, propaganda, ed interessi particolari e particolarissimi a scapito della ragione e degli interessi generali del Paese. Credo che le numerose elezioni che si sono susseguite senza tregua negli ultimi 18 anni, favorendo il pensare pi\u00f9 all&#8217;oggi che al futuro e spingendo all&#8217;inseguimento delle voci pi\u00f9 rumorose e meno razionali, abbiano dato una buona mano alla grave crisi politica, economica, sociale e culturale del paese. Di certo, in particolare, que sto affollamento non favorisce gli immigrati: nelle campagne elettorali si assiste ad una gara a chi \u00e8 pi\u00f9 bravo ad espellerli mettendo in &#8220;secondo piano&#8221; i diritti di cittadinanza e le politiche di &#8220;integrazione&#8221;. Alla vigilia del voto si moltiplicano i politici che si erigono a paladini della sicurezza dei cittadini (che hanno il diritto al voto) e delle loro case popolari o degli asili minacciati dagli immigrati (che non votano); aumentano gli attacchi, le offese, le discriminazioni e diminuiscono coloro che difendono i loro diritti.<br \/>\n<strong><em>(Saleh Zaghloul) <\/em><\/strong><\/p>\n","protected":false},"excerpt":{"rendered":"<p>Sembra certo che il 13 aprile in contemporanea alle elezioni politiche si svolgeranno, nelle regioni e nei comuni interessati, anche quelle amministrative. E&#8217; una buona decisione, che mi auguro definitiva anche per il futuro. Sono troppi i periodi in cui il nostro paese vive in campagna elettorale tra elezioni politiche, amministrative ed europee. Svolgere diverse [&hellip;]<\/p>\n","protected":false},"author":1,"featured_media":0,"comment_status":"open","ping_status":"closed","sticky":false,"template":"","format":"standard","meta":{"footnotes":""},"categories":[183,160],"tags":[],"class_list":["post-1472","post","type-post","status-publish","format-standard","hentry","category-183","category-lettere"],"_links":{"self":[{"href":"https:\/\/www.olinews.it\/mt\/index.php?rest_route=\/wp\/v2\/posts\/1472","targetHints":{"allow":["GET"]}}],"collection":[{"href":"https:\/\/www.olinews.it\/mt\/index.php?rest_route=\/wp\/v2\/posts"}],"about":[{"href":"https:\/\/www.olinews.it\/mt\/index.php?rest_route=\/wp\/v2\/types\/post"}],"author":[{"embeddable":true,"href":"https:\/\/www.olinews.it\/mt\/index.php?rest_route=\/wp\/v2\/users\/1"}],"replies":[{"embeddable":true,"href":"https:\/\/www.olinews.it\/mt\/index.php?rest_route=%2Fwp%2Fv2%2Fcomments&post=1472"}],"version-history":[{"count":0,"href":"https:\/\/www.olinews.it\/mt\/index.php?rest_route=\/wp\/v2\/posts\/1472\/revisions"}],"wp:attachment":[{"href":"https:\/\/www.olinews.it\/mt\/index.php?rest_route=%2Fwp%2Fv2%2Fmedia&parent=1472"}],"wp:term":[{"taxonomy":"category","embeddable":true,"href":"https:\/\/www.olinews.it\/mt\/index.php?rest_route=%2Fwp%2Fv2%2Fcategories&post=1472"},{"taxonomy":"post_tag","embeddable":true,"href":"https:\/\/www.olinews.it\/mt\/index.php?rest_route=%2Fwp%2Fv2%2Ftags&post=1472"}],"curies":[{"name":"wp","href":"https:\/\/api.w.org\/{rel}","templated":true}]}}