{"id":1475,"date":"2008-02-27T10:19:18","date_gmt":"2008-02-27T10:19:18","guid":{"rendered":"http:\/\/www.comevedonoidaltonici.com\/wordpress\/?p=1475"},"modified":"2008-02-27T10:19:18","modified_gmt":"2008-02-27T10:19:18","slug":"indulto-tra-sostegno-e-ritardi","status":"publish","type":"post","link":"https:\/\/www.olinews.it\/mt\/?p=1475","title":{"rendered":"Indulto &#8211; Tra sostegno e ritardi"},"content":{"rendered":"<p>A diciotto mesi dall&#8217;applicazione dell&#8217;indulto un detenuto su tre \u00e8 tornato in carcere, ed in alcune situazioni la percentuale \u00e8 ben pi\u00f9 alta. A sentire gli addetti ai lavori uno dei problemi principali \u00e8 rappresentato da chi commette reati, inizialmente di minore entit\u00e0 e poi via via crescendo con il tempo, che si trova in una situazione di disagio sociale ed economico, privo di una rete di sostegno, di un lavoro, di una famiglia, in situazioni di tossicodipendenza o di clandestinit\u00e0. Sul Secolo XIX di venerd\u00ec 22 febbraio una buona notizia: 27 detenuti sono stati inseriti presso 15 aziende nell&#8217;ambito del progetto &#8220;Lavoro nell&#8217;inclusione sociale dei detenuti beneficiari dell&#8217;indulto&#8221;, promosso dai ministeri del Lavoro e Previdenza sociale e della Giustizia. Ne parla Mil\u00f2 Bertolotto, assessore provinciale con delega alle carceri, sottolineando alcune difficolt\u00e0, fra le quali spicca &#8220;che quando il provvedimento \u00e8 stato emanato l&#8217;indulto gi\u00e0 c&#8217;era stato, e chi era uscito non era al corrente dell&#8217;opportunit\u00e0 lavorativa&#8221;. Nell&#8217;ultimo anno, dopo alcuni incontri per la stesura del curriculum e la ricerca del lavoro promossi dalla Provincia, si \u00e8 arrivati all&#8217;inserimento lavorativo di 27 persone, che, in quanto detenuti, hanno poche opportunit\u00e0 di stabilizzazione professionale e molte di restare in quel giro di reiterazione del reato che ha riportato in carcere un detenuto indultato su tre. E&#8217; sicuramente una buona notizia, ma non esime dal chiedersi come mai sia stato approvato l&#8217;indulto e i finanziamenti per il reinserimento dei detenuti beneficiari dell&#8217;indulto siano arrivati mesi se non un anno dopo, costringendo gli operatori del carcere ad andare a cercare dopo molto tempo i detenuti indultati, e quando ormai un terzo di essi sta tornando dentro.<br \/>\n<strong><em>(Maria Cecilia Averame)<\/em><\/strong><\/p>\n","protected":false},"excerpt":{"rendered":"<p>A diciotto mesi dall&#8217;applicazione dell&#8217;indulto un detenuto su tre \u00e8 tornato in carcere, ed in alcune situazioni la percentuale \u00e8 ben pi\u00f9 alta. A sentire gli addetti ai lavori uno dei problemi principali \u00e8 rappresentato da chi commette reati, inizialmente di minore entit\u00e0 e poi via via crescendo con il tempo, che si trova in [&hellip;]<\/p>\n","protected":false},"author":1,"featured_media":0,"comment_status":"open","ping_status":"closed","sticky":false,"template":"","format":"standard","meta":{"footnotes":""},"categories":[183,11],"tags":[],"class_list":["post-1475","post","type-post","status-publish","format-standard","hentry","category-183","category-diritti-umani"],"_links":{"self":[{"href":"https:\/\/www.olinews.it\/mt\/index.php?rest_route=\/wp\/v2\/posts\/1475","targetHints":{"allow":["GET"]}}],"collection":[{"href":"https:\/\/www.olinews.it\/mt\/index.php?rest_route=\/wp\/v2\/posts"}],"about":[{"href":"https:\/\/www.olinews.it\/mt\/index.php?rest_route=\/wp\/v2\/types\/post"}],"author":[{"embeddable":true,"href":"https:\/\/www.olinews.it\/mt\/index.php?rest_route=\/wp\/v2\/users\/1"}],"replies":[{"embeddable":true,"href":"https:\/\/www.olinews.it\/mt\/index.php?rest_route=%2Fwp%2Fv2%2Fcomments&post=1475"}],"version-history":[{"count":0,"href":"https:\/\/www.olinews.it\/mt\/index.php?rest_route=\/wp\/v2\/posts\/1475\/revisions"}],"wp:attachment":[{"href":"https:\/\/www.olinews.it\/mt\/index.php?rest_route=%2Fwp%2Fv2%2Fmedia&parent=1475"}],"wp:term":[{"taxonomy":"category","embeddable":true,"href":"https:\/\/www.olinews.it\/mt\/index.php?rest_route=%2Fwp%2Fv2%2Fcategories&post=1475"},{"taxonomy":"post_tag","embeddable":true,"href":"https:\/\/www.olinews.it\/mt\/index.php?rest_route=%2Fwp%2Fv2%2Ftags&post=1475"}],"curies":[{"name":"wp","href":"https:\/\/api.w.org\/{rel}","templated":true}]}}