{"id":1478,"date":"2008-02-27T10:24:22","date_gmt":"2008-02-27T10:24:22","guid":{"rendered":"http:\/\/www.comevedonoidaltonici.com\/wordpress\/?p=1478"},"modified":"2008-02-27T10:24:22","modified_gmt":"2008-02-27T10:24:22","slug":"pre-politiche-di-risanamento-in-un-vicolo-cieco","status":"publish","type":"post","link":"https:\/\/www.olinews.it\/mt\/?p=1478","title":{"rendered":"Pr\u00e8 &#8211; Politiche di risanamento in un vicolo cieco"},"content":{"rendered":"<p>Notizie da Pr\u00e8. La strada \u00e8 ancora chiusa, e la prima vittima dell&#8217;effetto broken window (vedi OLI 171) \u00e8 il panificio che stava a ridosso del crollo del civ. 14. Adesso, sulle saracinesche abbassate, si legge il commiato dalla propria clientela e la denuncia dello stato di incuria che ha condotto la via, in risanamento da circa un ventennio, ad un degrado ingestibile.<br \/>\nUn passo indietro nella storia della via. Era il 1995 quando il Comune di Genova, in attuazione del Piano Organico d&#8217;Intervento (POI), procedeva all&#8217;acquisto degli immobili nell&#8217;ottica di avviarne il risanamento. In contemporanea, l&#8217;Ufficio Stranieri del Comune e l&#8217;Ufficio recupero centro storico convocavano le organizzazioni sindacali e le associazioni operanti nell&#8217;immigrazione, con la richiesta di fare da cuscinetto, nei confronti di immigrati irregolari durante le operazioni di sgombero.<\/p>\n<p><!--more--><br \/>\nLa desolante realt\u00e0 davanti alla quale si trovavano gli operatori convocati era l&#8217;assenza, nel Piano Regolatore Generale, di ogni considerazione del contesto sociale della via, accompagnata dalla richiesta puramente strumentale di far filtrare, tra gli immigrati irregolari, la notizia dello sgombero, in modo che, al momento opportuno, scomparissero per non farsi trovare. La situazione origin\u00f2 un coordinamento di associazioni e sindacati (sarebbe poi diventato il Forum Antirazzista) che si oppose agli sgomberi con presidi e azioni legali.<br \/>\nUn fatto che emerse quasi subito fu che le azioni di risanamento precedenti al 1995, intraprese e mai portate a termine, avevano creato situazioni per cui gli appartamenti venivano subaffittati da chi non ne aveva diritto, a canoni esorbitanti; d&#8217;altra parte, gli affittuari, potevano negare la disponibilit\u00e0 a fornire documenti che dimostrassero la regolarit\u00e0 del contratto d&#8217;affitto, generando quindi, per gli inquilini, il diritto all&#8217;assegnazione di un appartamento sostitutivo.<br \/>\nLa lotta del Forum Antirazzista per garantire l&#8217;assegnazione di case a chi poteva arrivare a dimostrare un rapporto d&#8217;affitto regolare dur\u00f2 fino a giugno e si concluse con il successo per un caso soltanto, un cittadino senegalese che riusc\u00ec ad ottenere un alloggio in un altro quartiere. Gli sgomberi furono eseguiti ed il Comune, finalmente, attu\u00f2 il risanamento di via Pr\u00e8.<br \/>\nA guardarla a tredici anni di distanza, dalla prospettiva di una via chiusa, in massima parte di propriet\u00e0 comunale ma in preda alle proprie fatiscenze, la cecit\u00e0 di una pianificazione ignara del sociale e per nulla lungimirante appare eclatante.<br \/>\n<strong><em>(Eleana Marullo)<\/em><\/strong><br \/>\n<em>(Le notizie relative agli sgomberi di via Pr\u00e8 sono tratte da documenti conservati nell&#8217;Archivio del Forum Antirazzista, attualmente in corso di riordino) <\/em><\/p>\n","protected":false},"excerpt":{"rendered":"<p>Notizie da Pr\u00e8. La strada \u00e8 ancora chiusa, e la prima vittima dell&#8217;effetto broken window (vedi OLI 171) \u00e8 il panificio che stava a ridosso del crollo del civ. 14. Adesso, sulle saracinesche abbassate, si legge il commiato dalla propria clientela e la denuncia dello stato di incuria che ha condotto la via, in risanamento [&hellip;]<\/p>\n","protected":false},"author":1,"featured_media":0,"comment_status":"open","ping_status":"closed","sticky":false,"template":"","format":"standard","meta":{"footnotes":""},"categories":[183,20,10],"tags":[],"class_list":["post-1478","post","type-post","status-publish","format-standard","hentry","category-183","category-citta","category-politica"],"_links":{"self":[{"href":"https:\/\/www.olinews.it\/mt\/index.php?rest_route=\/wp\/v2\/posts\/1478","targetHints":{"allow":["GET"]}}],"collection":[{"href":"https:\/\/www.olinews.it\/mt\/index.php?rest_route=\/wp\/v2\/posts"}],"about":[{"href":"https:\/\/www.olinews.it\/mt\/index.php?rest_route=\/wp\/v2\/types\/post"}],"author":[{"embeddable":true,"href":"https:\/\/www.olinews.it\/mt\/index.php?rest_route=\/wp\/v2\/users\/1"}],"replies":[{"embeddable":true,"href":"https:\/\/www.olinews.it\/mt\/index.php?rest_route=%2Fwp%2Fv2%2Fcomments&post=1478"}],"version-history":[{"count":0,"href":"https:\/\/www.olinews.it\/mt\/index.php?rest_route=\/wp\/v2\/posts\/1478\/revisions"}],"wp:attachment":[{"href":"https:\/\/www.olinews.it\/mt\/index.php?rest_route=%2Fwp%2Fv2%2Fmedia&parent=1478"}],"wp:term":[{"taxonomy":"category","embeddable":true,"href":"https:\/\/www.olinews.it\/mt\/index.php?rest_route=%2Fwp%2Fv2%2Fcategories&post=1478"},{"taxonomy":"post_tag","embeddable":true,"href":"https:\/\/www.olinews.it\/mt\/index.php?rest_route=%2Fwp%2Fv2%2Ftags&post=1478"}],"curies":[{"name":"wp","href":"https:\/\/api.w.org\/{rel}","templated":true}]}}