{"id":1480,"date":"2008-03-05T09:50:03","date_gmt":"2008-03-05T09:50:03","guid":{"rendered":"http:\/\/www.comevedonoidaltonici.com\/wordpress\/?p=1480"},"modified":"2008-03-05T09:50:03","modified_gmt":"2008-03-05T09:50:03","slug":"moschea-non-scoraggiare-lislam-pacifico","status":"publish","type":"post","link":"https:\/\/www.olinews.it\/mt\/?p=1480","title":{"rendered":"Moschea &#8211; Non scoraggiare l&#8217;islam pacifico"},"content":{"rendered":"<p>Su OLI 160 Paola Pierantoni parlava della frustrazione di migliaia di islamici costretti a praticare i propri riti in condizioni avvilenti mentre l&#8217;edificazione della moschea viene sempre rinviata, mettendo in difficolt\u00e0 proprio coloro che tentano di diffondere nella propria comunit\u00e0 la volont\u00e0 di una convivenza armoniosa con la citt\u00e0 ospitante. Condivido questa opinione.<br \/>\nSono convinto che non ci sia una religione superiore all&#8217;altra. Tutte le religioni hanno in uguale misura degli aspetti positivi e degli altri negativi. Conosco abbastanza bene le tre religioni monoteiste. Sono musulmano d&#8217;origine, sono nato in Palestina, a trenta chilometri da Betlemme, dove \u00e8 nato Ges\u00f9 e dove si svilupp\u00f2 la religione ebraica.<\/p>\n<p><!--more--><br \/>\nSono arrivato in Italia nel febbraio del 1979, non avevo ancora compiuto i 18 anni. Ho avuto la fortuna di lasciare il mondo arabo-islamico prima che venisse travolto dal fenomeno post moderno dell&#8217;integralismo politico religioso causato dalla vittoria di Komeini e dalla &#8220;rivoluzione iraniana&#8221;. Il messaggio travolgente di Komeini era il seguente: &#8220;per uscire dall&#8217;oppressione e per avere libert\u00e0, giustizia e dignit\u00e0, per vincere come in Iran, occorre ritornare alle radici religiose islamiche&#8221;. Nel mondo universitario genovese ebbi inoltre la fortuna di incontrare i palestinesi di sinistra dell&#8217;Unione Generale degli Studenti Palestin esi, per i quali &#8220;la religione \u00e8 l&#8217;oppio dei popoli&#8221;. Ricordo ancora come ero affascinato dai loro discorsi sulla religione e sulla liberazione che non riguarda solo la terra della Palestina occupata da Israele ma che riguarda le persone ed in particolare le donne. Cos\u00ec mi salvai, da allora sono un laico convinto ed ho vinto la grande e facile tentazione di rispondere per le rime a chi considera la mia religione inferiore alla sua.<br \/>\nAltri miei connazionali non seppero resistere a questo messaggio e ai pregiudizi di una parte della societ\u00e0 italiana nei confronti dell&#8217;Islam e dei musulmani. Ho assistito, sorpreso, alla conversione alle radici islamiche di persone che non avevano mai manifestato alcuna inclinazione religiosa nel paese d&#8217;origine. Molte persone per difendersi, e difendere l&#8217;Islam dai pregiudizi, approfondivano la conoscenza della propria religione e si avvicinavano ad essa. In alcuni casi nella maniera sbagliata.<br \/>\nLa mia esperienza personale e molte letture mi convinsero che il pregiudizio e il razzismo in &#8220;occidente&#8221; nei confronti dell&#8217;Islam, ha avuto un ruolo fondamentale nella formazione dell&#8217;integralismo e l&#8217;estremismo politico religioso islamico. Il razzismo \u00e8 vitale per il messaggio estremista: &#8220;vi odiano, odiano la vostra religione. O state con noi o state con loro&#8221;.<br \/>\nLo scontro di civilt\u00e0 teorizzato dopo il crollo del muro di Berlino, e purtroppo realizzato con le guerre e con il terrorismo, a partire dalla prima guerra del Golfo nel 1991, ha reso la situazione ancora pi\u00f9 difficile ingigantendo le paure ed aumentando pregiudizio e razzismo.<br \/>\nPerci\u00f2 penso che occorra premiare la pazienza dei musulmani genovesi, la loro scelta di dialogo e convivenza, il loro comportamento civile e pacifico, facendoli sentire pienamente cittadini genovesi, conquistandoli e tutelandoli dai messaggi estremisti e da quelli razzisti. La moschea deve diventare una priorit\u00e0 perch\u00e9 il dialogo e la pace sono la priorit\u00e0 delle priorit\u00e0.<br \/>\n<strong><em>(Saleh Zaghloul) <\/em><\/strong><\/p>\n","protected":false},"excerpt":{"rendered":"<p>Su OLI 160 Paola Pierantoni parlava della frustrazione di migliaia di islamici costretti a praticare i propri riti in condizioni avvilenti mentre l&#8217;edificazione della moschea viene sempre rinviata, mettendo in difficolt\u00e0 proprio coloro che tentano di diffondere nella propria comunit\u00e0 la volont\u00e0 di una convivenza armoniosa con la citt\u00e0 ospitante. Condivido questa opinione. Sono convinto [&hellip;]<\/p>\n","protected":false},"author":1,"featured_media":0,"comment_status":"open","ping_status":"closed","sticky":false,"template":"","format":"standard","meta":{"footnotes":""},"categories":[184,16,10],"tags":[],"class_list":["post-1480","post","type-post","status-publish","format-standard","hentry","category-184","category-cultura","category-politica"],"_links":{"self":[{"href":"https:\/\/www.olinews.it\/mt\/index.php?rest_route=\/wp\/v2\/posts\/1480","targetHints":{"allow":["GET"]}}],"collection":[{"href":"https:\/\/www.olinews.it\/mt\/index.php?rest_route=\/wp\/v2\/posts"}],"about":[{"href":"https:\/\/www.olinews.it\/mt\/index.php?rest_route=\/wp\/v2\/types\/post"}],"author":[{"embeddable":true,"href":"https:\/\/www.olinews.it\/mt\/index.php?rest_route=\/wp\/v2\/users\/1"}],"replies":[{"embeddable":true,"href":"https:\/\/www.olinews.it\/mt\/index.php?rest_route=%2Fwp%2Fv2%2Fcomments&post=1480"}],"version-history":[{"count":0,"href":"https:\/\/www.olinews.it\/mt\/index.php?rest_route=\/wp\/v2\/posts\/1480\/revisions"}],"wp:attachment":[{"href":"https:\/\/www.olinews.it\/mt\/index.php?rest_route=%2Fwp%2Fv2%2Fmedia&parent=1480"}],"wp:term":[{"taxonomy":"category","embeddable":true,"href":"https:\/\/www.olinews.it\/mt\/index.php?rest_route=%2Fwp%2Fv2%2Fcategories&post=1480"},{"taxonomy":"post_tag","embeddable":true,"href":"https:\/\/www.olinews.it\/mt\/index.php?rest_route=%2Fwp%2Fv2%2Ftags&post=1480"}],"curies":[{"name":"wp","href":"https:\/\/api.w.org\/{rel}","templated":true}]}}