{"id":1484,"date":"2008-03-05T10:01:21","date_gmt":"2008-03-05T10:01:21","guid":{"rendered":"http:\/\/www.comevedonoidaltonici.com\/wordpress\/?p=1484"},"modified":"2008-03-05T10:01:21","modified_gmt":"2008-03-05T10:01:21","slug":"ricerca-e-sviluppo-piu-universita-meno-laureati","status":"publish","type":"post","link":"https:\/\/www.olinews.it\/mt\/?p=1484","title":{"rendered":"Ricerca e sviluppo &#8211; Pi\u00f9 universit\u00e0, meno laureati"},"content":{"rendered":"<p><em>Repubblica <\/em>14 febbraio &#8217;08: &#8220;I numeri dell&#8217;innovazione in Liguria&#8221;. Il riferimento, relativamente alla Liguria, \u00e8 all&#8217;inchiesta condotta da Eurostat sui vari settori manifatturieri, il trend dell&#8217;occupazione, la spesa pubblica in ricerca e sviluppo. &#8220;Il dato pi\u00f9 preoccupante riguarda&#8230; le risorse umane. Da oltre 10 anni ormai il numero degli studenti iscritti all&#8217;Universit\u00e0 di Genova \u00e8 in caduta libera (dagli oltre 41 mila dell&#8217;anno accademico 1996-97 ai 35mila scarsi del 2006-&#8217;07: -15%)&#8230; &#8220;. Nel caso delle facolt\u00e0 di Ingegneria e di Scienze matematiche, fisiche e naturali siamo di fronte a un crollo; rispettivamente (per lo stesso periodo) meno 29% e meno 33%. Ancora: negli ultimi tre anni il numero dei laureati sia a Ingegneria sia a Scienze \u00e8 calato del 33%. Una conferma indiretta dall&#8217;indagine condotta dalla Dixet per conto di Confindustria Genova: le imprese faticano a trovare personale qualificato.<br \/>\nMiglioreranno le cose con l&#8217;incremento delle universit\u00e0 locali. La risposta \u00e8 gi\u00e0 nota: No! Non miglioreranno. Lo ha scritto i<em>l Sole 24 Ore<\/em> 20 gennaio &#8217;08 &#8220;Boom di universit\u00e0 locali ma gli iscritti calano&#8221;. Dai 60 atenei del 1990 siamo passati a 94, quasi uno per provincia, &#8220;una miriade d&#8217;istituzioni scadenti&#8221; sorte per lo pi\u00f9 &#8220;per mere logiche di consenso politico&#8221;. Un frazionamento accademico che neppure \u00e8 servito a incentivare una maggiore formazione nelle materie scientifiche. &#8220;Un campanilismo che ammorba&#8221; \u00e8 il commento del giornale di Confindustria.<br \/>\n<strong><em>(Manlio Calegari)<\/em><\/strong><\/p>\n","protected":false},"excerpt":{"rendered":"<p>Repubblica 14 febbraio &#8217;08: &#8220;I numeri dell&#8217;innovazione in Liguria&#8221;. Il riferimento, relativamente alla Liguria, \u00e8 all&#8217;inchiesta condotta da Eurostat sui vari settori manifatturieri, il trend dell&#8217;occupazione, la spesa pubblica in ricerca e sviluppo. &#8220;Il dato pi\u00f9 preoccupante riguarda&#8230; le risorse umane. Da oltre 10 anni ormai il numero degli studenti iscritti all&#8217;Universit\u00e0 di Genova \u00e8 [&hellip;]<\/p>\n","protected":false},"author":1,"featured_media":0,"comment_status":"open","ping_status":"closed","sticky":false,"template":"","format":"standard","meta":{"footnotes":""},"categories":[184,23],"tags":[],"class_list":["post-1484","post","type-post","status-publish","format-standard","hentry","category-184","category-scuola-e-universita"],"_links":{"self":[{"href":"https:\/\/www.olinews.it\/mt\/index.php?rest_route=\/wp\/v2\/posts\/1484","targetHints":{"allow":["GET"]}}],"collection":[{"href":"https:\/\/www.olinews.it\/mt\/index.php?rest_route=\/wp\/v2\/posts"}],"about":[{"href":"https:\/\/www.olinews.it\/mt\/index.php?rest_route=\/wp\/v2\/types\/post"}],"author":[{"embeddable":true,"href":"https:\/\/www.olinews.it\/mt\/index.php?rest_route=\/wp\/v2\/users\/1"}],"replies":[{"embeddable":true,"href":"https:\/\/www.olinews.it\/mt\/index.php?rest_route=%2Fwp%2Fv2%2Fcomments&post=1484"}],"version-history":[{"count":0,"href":"https:\/\/www.olinews.it\/mt\/index.php?rest_route=\/wp\/v2\/posts\/1484\/revisions"}],"wp:attachment":[{"href":"https:\/\/www.olinews.it\/mt\/index.php?rest_route=%2Fwp%2Fv2%2Fmedia&parent=1484"}],"wp:term":[{"taxonomy":"category","embeddable":true,"href":"https:\/\/www.olinews.it\/mt\/index.php?rest_route=%2Fwp%2Fv2%2Fcategories&post=1484"},{"taxonomy":"post_tag","embeddable":true,"href":"https:\/\/www.olinews.it\/mt\/index.php?rest_route=%2Fwp%2Fv2%2Ftags&post=1484"}],"curies":[{"name":"wp","href":"https:\/\/api.w.org\/{rel}","templated":true}]}}