{"id":1485,"date":"2008-03-05T10:03:11","date_gmt":"2008-03-05T10:03:11","guid":{"rendered":"http:\/\/www.comevedonoidaltonici.com\/wordpress\/?p=1485"},"modified":"2008-03-05T10:03:11","modified_gmt":"2008-03-05T10:03:11","slug":"universita2-genova-i-numeri-della-decadenza","status":"publish","type":"post","link":"https:\/\/www.olinews.it\/mt\/?p=1485","title":{"rendered":"Universit\u00e0\/2 &#8211; Genova: i numeri della decadenza"},"content":{"rendered":"<p><em>Repubblica <\/em>17 febbraio &#8217;08: a Genova, all&#8217;inaugurazione dell&#8217;Anno accademico, l&#8217;ospite di eccezione \u00e8 il vicedirettore della Banca d&#8217;Italia. Parla con i numeri: la crescita economica dell&#8217;Italia \u00e8 bassa, la produttivit\u00e0 cresce poco, il reddito pro capite ristagna. In deperimento graduale anche il capitale umano: il 25% degli studenti ha competenze scientifiche insufficienti, la percentuale sale al 33% per quanto riguarda la matematica. Il 50% degli studenti non \u00e8 in grado di comprendere e di restituire un testo di media difficolt\u00e0. Nessuna sorpresa: nelle graduatorie internazionali le universit\u00e0 italiane appartengono alla seconda fila. Ma sanno anche come si sfugge al giudizio: concorsi addomesticati e molta autoreferenzialit\u00e0 circa i rendimenti didattici e la qualit\u00e0 della ricerca che vi si produce. In altre parole: da noi la corporazione universitaria fa finta che tutto vada bene.<br \/>\nUna conclusione gi\u00e0 in qualche modo annunciata da &#8220;L&#8217;inchiesta&#8221; pubblicata da <em>Repubblica <\/em>il 6 febbraio &#8217;08: &#8220;Dopo anni di universit\u00e0 alle spalle un dottore su cinque ha serie difficolt\u00e0 ad usare la parola scritta&#8221;.<br \/>\nTra le conclusioni possibili per il lettore se ne affaccia una: l&#8217;universit\u00e0 sembra attenta pi\u00f9 a prendere che a quello che d\u00e0. E la citt\u00e0? Ha l&#8217;indotto e tanto basta.<br \/>\n<strong><em>(Manlio Calegari)<\/em><\/strong><\/p>\n","protected":false},"excerpt":{"rendered":"<p>Repubblica 17 febbraio &#8217;08: a Genova, all&#8217;inaugurazione dell&#8217;Anno accademico, l&#8217;ospite di eccezione \u00e8 il vicedirettore della Banca d&#8217;Italia. Parla con i numeri: la crescita economica dell&#8217;Italia \u00e8 bassa, la produttivit\u00e0 cresce poco, il reddito pro capite ristagna. In deperimento graduale anche il capitale umano: il 25% degli studenti ha competenze scientifiche insufficienti, la percentuale sale [&hellip;]<\/p>\n","protected":false},"author":1,"featured_media":0,"comment_status":"open","ping_status":"closed","sticky":false,"template":"","format":"standard","meta":{"footnotes":""},"categories":[184,23],"tags":[],"class_list":["post-1485","post","type-post","status-publish","format-standard","hentry","category-184","category-scuola-e-universita"],"_links":{"self":[{"href":"https:\/\/www.olinews.it\/mt\/index.php?rest_route=\/wp\/v2\/posts\/1485","targetHints":{"allow":["GET"]}}],"collection":[{"href":"https:\/\/www.olinews.it\/mt\/index.php?rest_route=\/wp\/v2\/posts"}],"about":[{"href":"https:\/\/www.olinews.it\/mt\/index.php?rest_route=\/wp\/v2\/types\/post"}],"author":[{"embeddable":true,"href":"https:\/\/www.olinews.it\/mt\/index.php?rest_route=\/wp\/v2\/users\/1"}],"replies":[{"embeddable":true,"href":"https:\/\/www.olinews.it\/mt\/index.php?rest_route=%2Fwp%2Fv2%2Fcomments&post=1485"}],"version-history":[{"count":0,"href":"https:\/\/www.olinews.it\/mt\/index.php?rest_route=\/wp\/v2\/posts\/1485\/revisions"}],"wp:attachment":[{"href":"https:\/\/www.olinews.it\/mt\/index.php?rest_route=%2Fwp%2Fv2%2Fmedia&parent=1485"}],"wp:term":[{"taxonomy":"category","embeddable":true,"href":"https:\/\/www.olinews.it\/mt\/index.php?rest_route=%2Fwp%2Fv2%2Fcategories&post=1485"},{"taxonomy":"post_tag","embeddable":true,"href":"https:\/\/www.olinews.it\/mt\/index.php?rest_route=%2Fwp%2Fv2%2Ftags&post=1485"}],"curies":[{"name":"wp","href":"https:\/\/api.w.org\/{rel}","templated":true}]}}