{"id":1488,"date":"2008-03-05T10:07:39","date_gmt":"2008-03-05T10:07:39","guid":{"rendered":"http:\/\/www.comevedonoidaltonici.com\/wordpress\/?p=1488"},"modified":"2008-03-05T10:07:39","modified_gmt":"2008-03-05T10:07:39","slug":"sanremo-giustizia-non-omaggi-ai-caduti-del-lavoro","status":"publish","type":"post","link":"https:\/\/www.olinews.it\/mt\/?p=1488","title":{"rendered":"Sanremo &#8211; Giustizia, non omaggi ai caduti del lavoro"},"content":{"rendered":"<p>Eh s\u00ec! Sicuramente sar\u00e0 pi\u00f9 sollevato Fabrizio Cannonero, il portuale genovese morto cadendo da una nave giapponese senza balaustre nella notte tra gioved\u00ec e venerd\u00ec. La sua faccia (o quello che ne resta, visto che non hanno permesso ai congiunti di avvicinarsi alla banchina dove era cadavere) avr\u00e0 lineamenti pi\u00f9 distesi avendo saputo che il festival di Sanremo ha dedicato un &#8220;omaggio&#8221; ai morti sul lavoro. E certamente anche gli operai della Thyssen, che erano un bel gruppetto, proveranno pi\u00f9 calore nello stare insieme nel luogo in cui si trovano, dopo che Pippo Baudo ha reso &#8220;omaggio&#8221; alle loro non pi\u00f9 disponibili vite. Cos\u00ec dice il telegiornale nazionale e la giornalista del TG3 della Liguria. Adesso si dice &#8220;omaggio&#8221; per dire ricompensa o cosa?<\/p>\n<p><!--more--><br \/>\nUn &#8220;omaggio&#8221; da un palcoscenico si attribuisce a un vecchio attore, a un regista in fase declinante, a uno scrittore che da un po&#8217; \u00e8 fuori moda, si fanno &#8220;omaggi&#8221; tristanzuoli alle belle signore e ai gentiluomini, alle regine ed ai re, ai campioni sportivi; ma di omaggi ai morti sul lavoro ancora non se ne sentiva davvero il bisogno. Certo, con la platea di Sanremo (quasi dieci milioni di spettatori), pu\u00f2 sembrare giusto un commosso ricordo per sensibilizzare tutti quanti, ma non basta, per assolvere al compito di servizio pubblico, che la Rai Tv ricordi queste &#8220;disgrazie&#8221; a caldo. Non si pu\u00f2 dimenticare a questo proposito che un po&#8217; d&#8217;anni fa, un gruppo di operai genovesi della siderurgia salirono sul palco del Festival per denunciare questioni che poi il silenzio ha inghiottito e non sono mai state chiuse.<br \/>\nForse soltanto Volare di Modugno, le note e la poesia della pi\u00f9 bella canzone italiana dal 1958 a oggi, avrebbero potuto accompagnare in musica il ricordo di chi ha lasciato la vita sul lavoro; ma forse no, perch\u00e9 non credo che questi morti di &#8220;omaggi&#8221; ne vogliano pi\u00f9 da nessuno. Sono l\u00ec a chiedere qualcos&#8217;altro.<br \/>\n<strong><em>(Elio Rosati) <\/em><\/strong><\/p>\n","protected":false},"excerpt":{"rendered":"<p>Eh s\u00ec! Sicuramente sar\u00e0 pi\u00f9 sollevato Fabrizio Cannonero, il portuale genovese morto cadendo da una nave giapponese senza balaustre nella notte tra gioved\u00ec e venerd\u00ec. La sua faccia (o quello che ne resta, visto che non hanno permesso ai congiunti di avvicinarsi alla banchina dove era cadavere) avr\u00e0 lineamenti pi\u00f9 distesi avendo saputo che il [&hellip;]<\/p>\n","protected":false},"author":1,"featured_media":0,"comment_status":"open","ping_status":"closed","sticky":false,"template":"","format":"standard","meta":{"footnotes":""},"categories":[184,13,8],"tags":[],"class_list":["post-1488","post","type-post","status-publish","format-standard","hentry","category-184","category-informazione","category-lavoro"],"_links":{"self":[{"href":"https:\/\/www.olinews.it\/mt\/index.php?rest_route=\/wp\/v2\/posts\/1488","targetHints":{"allow":["GET"]}}],"collection":[{"href":"https:\/\/www.olinews.it\/mt\/index.php?rest_route=\/wp\/v2\/posts"}],"about":[{"href":"https:\/\/www.olinews.it\/mt\/index.php?rest_route=\/wp\/v2\/types\/post"}],"author":[{"embeddable":true,"href":"https:\/\/www.olinews.it\/mt\/index.php?rest_route=\/wp\/v2\/users\/1"}],"replies":[{"embeddable":true,"href":"https:\/\/www.olinews.it\/mt\/index.php?rest_route=%2Fwp%2Fv2%2Fcomments&post=1488"}],"version-history":[{"count":0,"href":"https:\/\/www.olinews.it\/mt\/index.php?rest_route=\/wp\/v2\/posts\/1488\/revisions"}],"wp:attachment":[{"href":"https:\/\/www.olinews.it\/mt\/index.php?rest_route=%2Fwp%2Fv2%2Fmedia&parent=1488"}],"wp:term":[{"taxonomy":"category","embeddable":true,"href":"https:\/\/www.olinews.it\/mt\/index.php?rest_route=%2Fwp%2Fv2%2Fcategories&post=1488"},{"taxonomy":"post_tag","embeddable":true,"href":"https:\/\/www.olinews.it\/mt\/index.php?rest_route=%2Fwp%2Fv2%2Ftags&post=1488"}],"curies":[{"name":"wp","href":"https:\/\/api.w.org\/{rel}","templated":true}]}}