{"id":1490,"date":"2008-03-12T16:39:00","date_gmt":"2008-03-12T16:39:00","guid":{"rendered":"http:\/\/www.comevedonoidaltonici.com\/wordpress\/?p=1490"},"modified":"2008-03-12T16:39:00","modified_gmt":"2008-03-12T16:39:00","slug":"la-cultura-diffusa-dellinsicurezza","status":"publish","type":"post","link":"https:\/\/www.olinews.it\/mt\/?p=1490","title":{"rendered":"La cultura diffusa dell&#8217;insicurezza"},"content":{"rendered":"<p>Mentre leggo il giornale che riporta la notizia del portuale morto recentemente a Genova, mi trovo in taxi. C&#8217;\u00e8 molto tumulto negli ambienti sindacali, c&#8217;\u00e8 previsione di uno sciopero, anche i cartelloni del Comune sono usati per diffondere la notizia. E passando lentamente in taxi tra cantieri irregolari con rischio di caduta nelle fosse stradali, asfalti disconnessi che sono una trappola per le moto, sonnolenti multatori che appongono i loro fogliettini camminando in mezzo alla strada con l&#8217;immancabile spalla sollevata a sorreggere il telefonino in funzione, in mezzo a tutte quelle che non posso vedere dietro ai muri delle case, mi scappa lo sguardo al cruscotto del mio taxi, dove un grosso cartello plastificato campeggia proprio sopra l&#8217;air-bag lato passeggero, attaccato con il classico nastro adesivo. Lo so di essere anormale, ma penso a cosa potrebbe succedere ad un passeggero durante un urto, magari minimo ma frontale, ricevendo quel cartello in faccia spinto dall&#8217;air-bag.<\/p>\n<p><!--more--><br \/>\n&#8220;Dovrebbe spostare il cartello, l\u00ec \u00e8 pericoloso se esplode l&#8217;airbag&#8221; dico al tassista, interessatissimo ai miei discorsi sulla sicurezza, ma il cartello resta l\u00ec insieme al pericolo che si porta dietro, si aspetta che succeda. In buona compagnia comunque: quanti di noi percepiscono il pericolo di camminare sotto la sopraelevata? Alcuni addirittura di doverci lavorare, sotto a una strada non protetta da griglie ed esposta alla follia (mica tanto improbabile) di un lancio di una bottiglia di birra vuota da un&#8217;auto in corsa. Per\u00f2, come per la maggior parte degli infortuni e degli incidenti, l&#8217;importante \u00e8 che il Magistrato di turno sia in grado di inviare senza troppo indagare i suoi avvisi di garanzia a Rspp (Responsabile del Servizio Prevenzione e Protezione) e Ad (Amministratore Delegato). Poi si scoprir\u00e0 che nessuno aveva vigilato, che si lavorava cos\u00ec abitualmente, che non venivano usate le protezioni, insomma le solite cose. L&#8217;insensibilit\u00e0 ad un cartel lo sul cruscotto spinta ai massimi livelli aziendali: sar\u00e0 proprio qualcuna delle persone coinvolte in quest&#8217;ultima morte sul lavoro a prendere quel taxi sedendosi davanti? Comunque invio la segnalazione alla Cooperativa Radiotaxi.<br \/>\n<strong><em>(Stefano De Pietro) <\/em><\/strong><\/p>\n","protected":false},"excerpt":{"rendered":"<p>Mentre leggo il giornale che riporta la notizia del portuale morto recentemente a Genova, mi trovo in taxi. C&#8217;\u00e8 molto tumulto negli ambienti sindacali, c&#8217;\u00e8 previsione di uno sciopero, anche i cartelloni del Comune sono usati per diffondere la notizia. E passando lentamente in taxi tra cantieri irregolari con rischio di caduta nelle fosse stradali, [&hellip;]<\/p>\n","protected":false},"author":1,"featured_media":0,"comment_status":"open","ping_status":"closed","sticky":false,"template":"","format":"standard","meta":{"footnotes":""},"categories":[185,160],"tags":[],"class_list":["post-1490","post","type-post","status-publish","format-standard","hentry","category-185","category-lettere"],"_links":{"self":[{"href":"https:\/\/www.olinews.it\/mt\/index.php?rest_route=\/wp\/v2\/posts\/1490","targetHints":{"allow":["GET"]}}],"collection":[{"href":"https:\/\/www.olinews.it\/mt\/index.php?rest_route=\/wp\/v2\/posts"}],"about":[{"href":"https:\/\/www.olinews.it\/mt\/index.php?rest_route=\/wp\/v2\/types\/post"}],"author":[{"embeddable":true,"href":"https:\/\/www.olinews.it\/mt\/index.php?rest_route=\/wp\/v2\/users\/1"}],"replies":[{"embeddable":true,"href":"https:\/\/www.olinews.it\/mt\/index.php?rest_route=%2Fwp%2Fv2%2Fcomments&post=1490"}],"version-history":[{"count":0,"href":"https:\/\/www.olinews.it\/mt\/index.php?rest_route=\/wp\/v2\/posts\/1490\/revisions"}],"wp:attachment":[{"href":"https:\/\/www.olinews.it\/mt\/index.php?rest_route=%2Fwp%2Fv2%2Fmedia&parent=1490"}],"wp:term":[{"taxonomy":"category","embeddable":true,"href":"https:\/\/www.olinews.it\/mt\/index.php?rest_route=%2Fwp%2Fv2%2Fcategories&post=1490"},{"taxonomy":"post_tag","embeddable":true,"href":"https:\/\/www.olinews.it\/mt\/index.php?rest_route=%2Fwp%2Fv2%2Ftags&post=1490"}],"curies":[{"name":"wp","href":"https:\/\/api.w.org\/{rel}","templated":true}]}}