{"id":1496,"date":"2008-03-12T16:57:11","date_gmt":"2008-03-12T16:57:11","guid":{"rendered":"http:\/\/www.comevedonoidaltonici.com\/wordpress\/?p=1496"},"modified":"2008-03-12T16:57:11","modified_gmt":"2008-03-12T16:57:11","slug":"8-marzo1-se-la-festa-delle-donne-e-celebrata-da-corona","status":"publish","type":"post","link":"https:\/\/www.olinews.it\/mt\/?p=1496","title":{"rendered":"8 marzo\/1 &#8211; Se la festa delle donne \u00e8 celebrata da Corona"},"content":{"rendered":"<p>Non occorre essere femministi della penultima ora per leggere come uno schiaffo alla maturit\u00e0, diciamo pure dignit\u00e0, dell&#8217;altra met\u00e0 del cielo, la &#8220;festa della donna&#8221; organizzata per l&#8217;8 marzo all&#8217;hotel (con piscina) dei Castelli di Sestri Levante. Basti dire che l&#8217;ospite, il motivo di attrazione, era nientemeno che Fabrizio Corona, fotografo appena dimesso dalle patrie galere, dov&#8217;era stato rinchiuso, un&#8217;altra volta, per spaccio di banconote false: reato da bassa manovalanza, ma consumato a bordo di una lussuosa Bentley; noblesse oblige.<\/p>\n<p><!--more--><br \/>\nL&#8217;annuncio dell&#8217;incredibile serata, anzi nottata dal momento che il fotografo dei vip (ricattati) non si fa vedere mai prima delle due antelucane, aveva molti caratteri della &#8220;bufala&#8221;, cio\u00e8 di una specie di pesce d&#8217;aprile, un&#8217;esca per i gonzi. Invece no. Era del tutto rispondente alla pi\u00f9 assurda realt\u00e0. I particolari ce li fornisce la successiva cronaca del <em>Secolo XIX <\/em>che non ci fa mancare neppure le filosofiche riflessioni del &#8220;personaggio&#8221; in questione: &#8220;Questo \u00e8 un paese che non ha futuro&#8221;, commenta sprofondato in poltrona, mentre riceve l&#8217;omaggio, ma anche qualche sberleffo, dal suo pubblico.<br \/>\nPoco importa quale sia il recondito significato delle sue parole: forse la mancanza di domani, di speranza \u00e8 una cinica ammissione del non senso delle sue esibizioni in pubblico, un&#8217;autentica performance di sfrontatezza. Pagare tanto di biglietto d&#8217;ingresso (10 euro le squinzie, 15 i ragazzotti), per farsi immortalare accanto a lui, sembra davvero troppo. E se davvero Corona, innescando un cortocircuito logico, vuol dire che tutto questo \u00e8 una beffa insopportabile, gli andrebbe riconosciuta, insieme alla solita arroganza irridente, anche una capacit\u00e0 critica e autocritica non di tutti.<br \/>\nResta comunque intatto il cattivo gusto della provocazione da parte di chi &#8211; un certo conte Max &#8211; ha avuto l&#8217;idea di scegliere un simbolo del peggio corrente per festeggiare l&#8217;8 marzo in Riviera. Che cosa ha voluto realizzare, oltre un modesto mucchietto di euro, il presunto manager di spettacoli? Per chi credeva di fare un&#8217;operazione culturalmente controcorrente, mettendo sul palco un maschietto bello, tosto e disinvolto, come esemplare di ci\u00f2 che vogliono realmente le donne, ossia il solito sciupafemmine, a dispetto di emancipazione e liberazione femminile, la miglior risposta \u00e8 venuta poco prima che albeggiasse su Sestri Levante, quando al passaggio della Bentley \u00e8 echeggiato un pernacchio.<br \/>\n<strong><em>(Camillo Arcuri)<\/em><\/strong><\/p>\n","protected":false},"excerpt":{"rendered":"<p>Non occorre essere femministi della penultima ora per leggere come uno schiaffo alla maturit\u00e0, diciamo pure dignit\u00e0, dell&#8217;altra met\u00e0 del cielo, la &#8220;festa della donna&#8221; organizzata per l&#8217;8 marzo all&#8217;hotel (con piscina) dei Castelli di Sestri Levante. Basti dire che l&#8217;ospite, il motivo di attrazione, era nientemeno che Fabrizio Corona, fotografo appena dimesso dalle patrie [&hellip;]<\/p>\n","protected":false},"author":1,"featured_media":0,"comment_status":"open","ping_status":"closed","sticky":false,"template":"","format":"standard","meta":{"footnotes":""},"categories":[185,16,13],"tags":[],"class_list":["post-1496","post","type-post","status-publish","format-standard","hentry","category-185","category-cultura","category-informazione"],"_links":{"self":[{"href":"https:\/\/www.olinews.it\/mt\/index.php?rest_route=\/wp\/v2\/posts\/1496","targetHints":{"allow":["GET"]}}],"collection":[{"href":"https:\/\/www.olinews.it\/mt\/index.php?rest_route=\/wp\/v2\/posts"}],"about":[{"href":"https:\/\/www.olinews.it\/mt\/index.php?rest_route=\/wp\/v2\/types\/post"}],"author":[{"embeddable":true,"href":"https:\/\/www.olinews.it\/mt\/index.php?rest_route=\/wp\/v2\/users\/1"}],"replies":[{"embeddable":true,"href":"https:\/\/www.olinews.it\/mt\/index.php?rest_route=%2Fwp%2Fv2%2Fcomments&post=1496"}],"version-history":[{"count":0,"href":"https:\/\/www.olinews.it\/mt\/index.php?rest_route=\/wp\/v2\/posts\/1496\/revisions"}],"wp:attachment":[{"href":"https:\/\/www.olinews.it\/mt\/index.php?rest_route=%2Fwp%2Fv2%2Fmedia&parent=1496"}],"wp:term":[{"taxonomy":"category","embeddable":true,"href":"https:\/\/www.olinews.it\/mt\/index.php?rest_route=%2Fwp%2Fv2%2Fcategories&post=1496"},{"taxonomy":"post_tag","embeddable":true,"href":"https:\/\/www.olinews.it\/mt\/index.php?rest_route=%2Fwp%2Fv2%2Ftags&post=1496"}],"curies":[{"name":"wp","href":"https:\/\/api.w.org\/{rel}","templated":true}]}}