{"id":1498,"date":"2008-03-12T17:09:20","date_gmt":"2008-03-12T17:09:20","guid":{"rendered":"http:\/\/www.comevedonoidaltonici.com\/wordpress\/?p=1498"},"modified":"2008-03-12T17:09:20","modified_gmt":"2008-03-12T17:09:20","slug":"porto-perche-tanto-livore-verso-la-compagnia","status":"publish","type":"post","link":"https:\/\/www.olinews.it\/mt\/?p=1498","title":{"rendered":"Porto &#8211; Perch\u00e9 tanto livore verso la compagnia"},"content":{"rendered":"<p>&#8220;Paride, perch\u00e9 questi rivoli d&#8217;odio verso la Compagnia?&#8221;. La domanda la rivolge Fausto Bertinotti, a Paride Batini, durante i funerali di Fabrizio Cannonero (5 marzo &#8217;08). Nell&#8217;occasione (<em>Secolo XIX<\/em> 6 marzo) il presidente della Camera &#8220;pu\u00f2 piangere finalmente come tutti&#8221; perch\u00e9 &#8220;liberato dall&#8217;assenza di telecamere e fotografi&#8221;. Che infatti, per accordi intercorsi, riprendono la scena del funerale dalla sponda opposta del Bisagno. Ma non abbastanza lontani per &#8220;la squadra di portuali picchiatori&#8221; che disinteressata ai funerali raggiunge gli operatori televisivi, li malmena danneggiando le loro telecamere per poi rientrare soddisfatta nel gruppo.<\/p>\n<p><!--more--><br \/>\nMa chi ce l&#8217;ha con la compagnia? Dalla mattina seguita alla morte di Cannonero, tutti i gesti e le dichiarazioni della Compagnia sono state un atto di accusa verso le istituzioni, colpevoli di non proteggere il loro lavoro; contro i &#8220;signori del porto&#8221;, controparte inafferrabile di una condizione di lavoro sempre pi\u00f9 difficile; contro i cittadini accusati di insensibilit\u00e0. Il blocco dei varchi portuali non limitato alle merci ma che ha impedito l&#8217;accesso delle vetture dei viaggiatori ai traghetti rappresenta bene il rapporto di insofferenza che i portuali hanno da tempo con la citt\u00e0. Una citt\u00e0 che &#8211; dicono (<em>Secolo XIX<\/em> 7 marzo) &#8211; non li capisce e che si accorge di loro solo quando muoiono in banchina mentre assiste indifferente alla &#8220;campagna mediatica che cerca di massacrare la Culmv&#8221;. Cos\u00ec dal primo giorno (<em>Secolo XIX<\/em> 1\u00b0 marzo): &#8220;Sfila in silenzio la rabbia dei camalli&#8221; che &#8220;non vogliono essere fotografati n\u00e9 intervistati&#8221;. Che si dichiarano &#8220;dimenticati e calpestati&#8221; e accusano &#8220;la politica che non fa le regole e quella che non le applica&#8221; e il sistema mediatico che &#8220;continua a dipingerci come privilegiati mentre siamo costretti a fare 30 turni al mese per pagare l&#8217;affitto&#8221;.<br \/>\nA smentirli c&#8217;\u00e8 per\u00f2 l&#8217;emozione della citt\u00e0, solidale e non da oggi con la popolazione del suo porto e gli articoli apparsi sui quotidiani a partire da sabato primo marzo: sensibili e impegnati a capire la sempre maggiore complessit\u00e0 dei modi di operare del porto e le difficolt\u00e0 che incontrano gli organi preposti alla sicurezza.<br \/>\nUna ricerca di chiarezza a cui la Compagnia reagisce con insofferenza. Siamo le vittime eppure venite a fare le pulci a noi, dicono alla Compagnia. &#8220;Soffriamo il confronto, anche quello interno&#8221; ha detto un vecchio socio ormai in pensione. A marzo 2007, a San Benigno erano comparsi cartelli intimidatori (&#8220;infame&#8221;, &#8220;okkio al kranio&#8221;) indirizzati ad alcuni portuali che, intervistati, avevano criticato la attuale gestione della Compagnia. Pi\u00f9 di recente due soci sono stati sospesi per la stessa ragione. Ora per\u00f2 la parola passa ai fatti. I quotidiani dell&#8217;8 marzo &#8217;08 hanno annunciato che il famoso protocollo sulla sicurezza, grazie alla laboriosa mediazione del prefetto, \u00e8 stato definitivamente approvato. Difficolt\u00e0 e inadempienze superate: gli otto avranno campo libero anche alle banchine private. I terminalisti si sono dichiarati d&#8217;accordo e hanno firmato. Ha messo la sua firma anche la Compagnia che, come aveva detto il nuovo presidente dell&#8217;Autorit\u00e0 portuale (quotidiani del 3 marzo &#8217;08) non l&#8217;aveva ancora sottoscritto.<br \/>\n<strong><em>(Manlio Calegari)<\/em><\/strong><\/p>\n","protected":false},"excerpt":{"rendered":"<p>&#8220;Paride, perch\u00e9 questi rivoli d&#8217;odio verso la Compagnia?&#8221;. La domanda la rivolge Fausto Bertinotti, a Paride Batini, durante i funerali di Fabrizio Cannonero (5 marzo &#8217;08). Nell&#8217;occasione (Secolo XIX 6 marzo) il presidente della Camera &#8220;pu\u00f2 piangere finalmente come tutti&#8221; perch\u00e9 &#8220;liberato dall&#8217;assenza di telecamere e fotografi&#8221;. Che infatti, per accordi intercorsi, riprendono la scena [&hellip;]<\/p>\n","protected":false},"author":1,"featured_media":0,"comment_status":"open","ping_status":"closed","sticky":false,"template":"","format":"standard","meta":{"footnotes":""},"categories":[185,13,8,10],"tags":[],"class_list":["post-1498","post","type-post","status-publish","format-standard","hentry","category-185","category-informazione","category-lavoro","category-politica"],"_links":{"self":[{"href":"https:\/\/www.olinews.it\/mt\/index.php?rest_route=\/wp\/v2\/posts\/1498","targetHints":{"allow":["GET"]}}],"collection":[{"href":"https:\/\/www.olinews.it\/mt\/index.php?rest_route=\/wp\/v2\/posts"}],"about":[{"href":"https:\/\/www.olinews.it\/mt\/index.php?rest_route=\/wp\/v2\/types\/post"}],"author":[{"embeddable":true,"href":"https:\/\/www.olinews.it\/mt\/index.php?rest_route=\/wp\/v2\/users\/1"}],"replies":[{"embeddable":true,"href":"https:\/\/www.olinews.it\/mt\/index.php?rest_route=%2Fwp%2Fv2%2Fcomments&post=1498"}],"version-history":[{"count":0,"href":"https:\/\/www.olinews.it\/mt\/index.php?rest_route=\/wp\/v2\/posts\/1498\/revisions"}],"wp:attachment":[{"href":"https:\/\/www.olinews.it\/mt\/index.php?rest_route=%2Fwp%2Fv2%2Fmedia&parent=1498"}],"wp:term":[{"taxonomy":"category","embeddable":true,"href":"https:\/\/www.olinews.it\/mt\/index.php?rest_route=%2Fwp%2Fv2%2Fcategories&post=1498"},{"taxonomy":"post_tag","embeddable":true,"href":"https:\/\/www.olinews.it\/mt\/index.php?rest_route=%2Fwp%2Fv2%2Ftags&post=1498"}],"curies":[{"name":"wp","href":"https:\/\/api.w.org\/{rel}","templated":true}]}}