{"id":1500,"date":"2008-03-19T16:42:11","date_gmt":"2008-03-19T16:42:11","guid":{"rendered":"http:\/\/www.comevedonoidaltonici.com\/wordpress\/?p=1500"},"modified":"2008-03-19T16:42:11","modified_gmt":"2008-03-19T16:42:11","slug":"qual-e-il-vero-partito-delle-tasse","status":"publish","type":"post","link":"https:\/\/www.olinews.it\/mt\/?p=1500","title":{"rendered":"Qual \u00e8 il vero &#8220;partito delle tasse&#8221;"},"content":{"rendered":"<p>Stiamo vivendo, durante questa campagna elettorale, una delle pi\u00f9 gravi conseguenze della debolezza (inesistenza?) dell&#8217;informazione indipendente nel nostro Paese, e dello strapotere della TV.<br \/>\nIn tutto il mondo, quello che &#8220;ti mette le mani in tasca&#8221; \u00e8 chi spende i tuoi soldi, non chi dopo ti presenta il conto.<\/p>\n<p><!--more--><br \/>\nLo stesso vale per la vita e gli affari privati degli Italiani. Ma non quando, manipolati da un&#8217;informazione schiava di interessi privati, ci occupiamo della vita pubblica. In questo caso scambiamo causa ed effetto. Se ragionassimo come facciamo tutti i giorni, gestendo i nostri affari e la nostra famiglia, concluderemmo che il vero &#8220;partito delle tasse&#8221; \u00e8 il centrodestra, perch\u00e9, quando \u00e8 stato al governo, ha fatto crescere la spesa pubblica. Il centrosinistra, nei suoi cinque anni di governo, l&#8217;aveva fatta calare!<br \/>\nSenza dimenticare che il PDL ha elencato, nel suo programma, spese stimate dal Sole 24 Ore fino a 88 miliardi di Euro (pi\u00f9 del triplo del centrosinistra). Se quest&#8217;ultimo ci &#8220;mette le mani in tasca&#8221;, loro in quali tasche troveranno tutti questi soldi, in quelle dei Tedeschi? O dei Francesi?<br \/>\nLa vera jattura \u00e8 che, invece che metterla cos\u00ec, i rappresentanti del PD, aggrediti sul tema delle tasse, balbettano di &#8220;avanzo primario ricostruito&#8221; o di &#8220;UE che apprezza il risanamento&#8221;, argomenti lontanissimi da molti di noi, che portano a casa la chiara impressione che la ragione stia dalla parte di chi ha invece torto marcio&#8230;<br \/>\n<strong><em>(Bernardo Gabriele) <\/em><\/strong><\/p>\n","protected":false},"excerpt":{"rendered":"<p>Stiamo vivendo, durante questa campagna elettorale, una delle pi\u00f9 gravi conseguenze della debolezza (inesistenza?) dell&#8217;informazione indipendente nel nostro Paese, e dello strapotere della TV. In tutto il mondo, quello che &#8220;ti mette le mani in tasca&#8221; \u00e8 chi spende i tuoi soldi, non chi dopo ti presenta il conto.<\/p>\n","protected":false},"author":1,"featured_media":0,"comment_status":"open","ping_status":"closed","sticky":false,"template":"","format":"standard","meta":{"footnotes":""},"categories":[186,10],"tags":[],"class_list":["post-1500","post","type-post","status-publish","format-standard","hentry","category-186","category-politica"],"_links":{"self":[{"href":"https:\/\/www.olinews.it\/mt\/index.php?rest_route=\/wp\/v2\/posts\/1500","targetHints":{"allow":["GET"]}}],"collection":[{"href":"https:\/\/www.olinews.it\/mt\/index.php?rest_route=\/wp\/v2\/posts"}],"about":[{"href":"https:\/\/www.olinews.it\/mt\/index.php?rest_route=\/wp\/v2\/types\/post"}],"author":[{"embeddable":true,"href":"https:\/\/www.olinews.it\/mt\/index.php?rest_route=\/wp\/v2\/users\/1"}],"replies":[{"embeddable":true,"href":"https:\/\/www.olinews.it\/mt\/index.php?rest_route=%2Fwp%2Fv2%2Fcomments&post=1500"}],"version-history":[{"count":0,"href":"https:\/\/www.olinews.it\/mt\/index.php?rest_route=\/wp\/v2\/posts\/1500\/revisions"}],"wp:attachment":[{"href":"https:\/\/www.olinews.it\/mt\/index.php?rest_route=%2Fwp%2Fv2%2Fmedia&parent=1500"}],"wp:term":[{"taxonomy":"category","embeddable":true,"href":"https:\/\/www.olinews.it\/mt\/index.php?rest_route=%2Fwp%2Fv2%2Fcategories&post=1500"},{"taxonomy":"post_tag","embeddable":true,"href":"https:\/\/www.olinews.it\/mt\/index.php?rest_route=%2Fwp%2Fv2%2Ftags&post=1500"}],"curies":[{"name":"wp","href":"https:\/\/api.w.org\/{rel}","templated":true}]}}