{"id":1503,"date":"2008-03-19T16:47:31","date_gmt":"2008-03-19T16:47:31","guid":{"rendered":"http:\/\/www.comevedonoidaltonici.com\/wordpress\/?p=1503"},"modified":"2008-03-19T16:47:31","modified_gmt":"2008-03-19T16:47:31","slug":"politecnico2-la-secessione-parte-da-milano-e-torino","status":"publish","type":"post","link":"https:\/\/www.olinews.it\/mt\/?p=1503","title":{"rendered":"Politecnico\/2 &#8211; La secessione parte da Milano e Torino"},"content":{"rendered":"<p>Per molto tempo l&#8217;unica voce discordante sembrava essere quella di Giunio Luzzatto (Facolt\u00e0 di Scienze) che sul Il <em>Secolo XIX <\/em>del 21 giugno 2007 si era dichiarato contrario al progetto per ragioni dimensionali (secondo i dati 2007, la facolt\u00e0 di Ingegneria di Genova ha 4700 studenti, mentre i Politecnici di Torino e di Milano, ne hanno rispettivamente 27.000 e 38.000) e perch\u00e9 in una situazione in cui gi\u00e0 oggi le diverse Facolt\u00e0 operano quasi sempre ignorandosi, e talora combattendosi, &#8220;una frattura anche istituzionale peggiorerebbe la situazione&#8221;.<\/p>\n<p><!--more--><br \/>\n<em>BJ, Liguria Business Journal<\/em> indica Adriano Giovannelli (Facolt\u00e0 di Scienze politiche), ex prorettore dell&#8217;Ateneo, come un&#8217;altra &#8220;voce fuori del coro&#8221;. Giovannelli &#8220;ritiene che non ci sia stato un dibattito adeguato all&#8217;interno della comunit\u00e0 accademica&#8221; e pensa che &#8220;il progetto dovrebbe essere affrontato in un altro momento, con pi\u00f9 calma e non a ridosso delle elezioni del rettore&#8221;. Giovanelli allude al fatto che il progetto per la realizzazione del Politecnico sar\u00e0 inserito nel piano triennale che l&#8217;Ateneo presenter\u00e0 a giugno, il mese in cui pure si terranno le elezioni per la nomina del nuovo rettore (Bignardi, per legge, non pu\u00f2 ripresentarsi). Il preside di Medicina Giacomo Deferrari ha gi\u00e0 presentato la sua candidatura con un programma che include l&#8217;istituzione del Politecnico. La preside di Architettura, che si dice essere una possibile candidata, si dichiara &#8220;favorevolissima&#8221; al Politecnico. Sembra davvero che (quasi) tutti (forze politiche, sindacati, can didati rettore) vogliano il Politecnico &#8220;a prescindere&#8221;, o almeno che pochi vogliano essere quelli che dicono di no.<br \/>\nDifficile infatti dire di no a una componente prestigiosa e importante dell&#8217;Ateneo che all&#8217;unanimit\u00e0 ha deciso di rendersi indipendente. Come dargli torto? La sempre maggiore ristrettezza di finanziamenti pubblici, unita all&#8217;obsolescenza di un sistema pieno di lacci e lacciuoli arroccato su privilegi corporativi, fa da miscela deflagrante. Se non si pu\u00f2 fare nulla per rimuovere queste storture \u00e8 inevitabile che ciascuno pensi per s\u00e9.<br \/>\nQuello genovese \u00e8 solo un episodio, anche se rilevante. In Italia \u00e8 nata Acquis (Associazione per la qualit\u00e0 delle universit\u00e0 italiane statali), un &#8220;club di elite&#8221; che raccoglie &#8220;le universit\u00e0 pi\u00f9 produttive e virtuose&#8221; (<em>Corriere della sera<\/em>, 16 marzo 2008). Costituita da 19 atenei autovalutatosi di serie A, chiede al nuovo governo una ridistribuzione a loro favore dei (modesti) fondi destinati alle universit\u00e0 perch\u00e9 sarebbero le migliori. Sembra una secessione dalla Crui (Conferenza dei rettori delle universit\u00e0 italiane) ma gli organizzatori della iniziativa smentiscono. Tra i promotori, i politecnici di Milano e di Torino.<br \/>\n<strong><em>(Oscar Itzcovich)<\/em><\/strong><\/p>\n","protected":false},"excerpt":{"rendered":"<p>Per molto tempo l&#8217;unica voce discordante sembrava essere quella di Giunio Luzzatto (Facolt\u00e0 di Scienze) che sul Il Secolo XIX del 21 giugno 2007 si era dichiarato contrario al progetto per ragioni dimensionali (secondo i dati 2007, la facolt\u00e0 di Ingegneria di Genova ha 4700 studenti, mentre i Politecnici di Torino e di Milano, ne [&hellip;]<\/p>\n","protected":false},"author":1,"featured_media":0,"comment_status":"open","ping_status":"closed","sticky":false,"template":"","format":"standard","meta":{"footnotes":""},"categories":[186,23],"tags":[],"class_list":["post-1503","post","type-post","status-publish","format-standard","hentry","category-186","category-scuola-e-universita"],"_links":{"self":[{"href":"https:\/\/www.olinews.it\/mt\/index.php?rest_route=\/wp\/v2\/posts\/1503","targetHints":{"allow":["GET"]}}],"collection":[{"href":"https:\/\/www.olinews.it\/mt\/index.php?rest_route=\/wp\/v2\/posts"}],"about":[{"href":"https:\/\/www.olinews.it\/mt\/index.php?rest_route=\/wp\/v2\/types\/post"}],"author":[{"embeddable":true,"href":"https:\/\/www.olinews.it\/mt\/index.php?rest_route=\/wp\/v2\/users\/1"}],"replies":[{"embeddable":true,"href":"https:\/\/www.olinews.it\/mt\/index.php?rest_route=%2Fwp%2Fv2%2Fcomments&post=1503"}],"version-history":[{"count":0,"href":"https:\/\/www.olinews.it\/mt\/index.php?rest_route=\/wp\/v2\/posts\/1503\/revisions"}],"wp:attachment":[{"href":"https:\/\/www.olinews.it\/mt\/index.php?rest_route=%2Fwp%2Fv2%2Fmedia&parent=1503"}],"wp:term":[{"taxonomy":"category","embeddable":true,"href":"https:\/\/www.olinews.it\/mt\/index.php?rest_route=%2Fwp%2Fv2%2Fcategories&post=1503"},{"taxonomy":"post_tag","embeddable":true,"href":"https:\/\/www.olinews.it\/mt\/index.php?rest_route=%2Fwp%2Fv2%2Ftags&post=1503"}],"curies":[{"name":"wp","href":"https:\/\/api.w.org\/{rel}","templated":true}]}}